{"id":13643,"date":"2024-12-24T13:12:24","date_gmt":"2024-12-24T16:12:24","guid":{"rendered":"https:\/\/enlamira.info\/?p=13643"},"modified":"2024-12-24T13:12:24","modified_gmt":"2024-12-24T16:12:24","slug":"mensaje-de-navidad-del-obispo-de-avellaneda-lanus-padre-marcelo-maxi-margni","status":"publish","type":"post","link":"https:\/\/enlamira.info\/index.php\/2024\/12\/24\/mensaje-de-navidad-del-obispo-de-avellaneda-lanus-padre-marcelo-maxi-margni\/","title":{"rendered":"Mensaje de Navidad del Obispo de Avellaneda-Lan\u00fas, Padre Marcelo &#8220;Maxi&#8221; Margni"},"content":{"rendered":"\n<p>Queridos vecinos de Avellaneda y Lan\u00fas, en esta noche buena y Navidad, queremos compartir con ustedes el mensaje especial del Padre Obispo Maxi Margni, dirigido a todos los seguidores de nuestro medio.<\/p>\n\n\n\n<hr class=\"wp-block-separator has-alpha-channel-opacity\"\/>\n\n\n\n<h4 class=\"wp-block-heading\">La importancia del amor y el cuidado<\/h4>\n\n\n\n<p>&#8220;Querida audiencia, queridos vecinos de Avellaneda Lan\u00fas, querido Marcelo, equipo, soy el Padre Obispo Maxi y les agradezco esta oportunidad en la solicitud de este audio para saludarlos a todos por la Navidad. Me encuentro en un tiempo especial, estoy con una hernia de disco inmovilizado pr\u00e1cticamente, gracias a Dios en estos d\u00edas en casa de mi familia que me atienden y me asisten y uno descubre el gran regalo de Dios que son los que nos aman, los que nos cuidan. No hay tesoro m\u00e1s grande que la gente que nos quiere.&#8221;<\/p>\n\n\n\n<figure class=\"wp-block-image size-full is-resized\"><img loading=\"lazy\" decoding=\"async\" width=\"300\" height=\"168\" src=\"https:\/\/enlamira.info\/wp-content\/uploads\/2024\/12\/images-11.jpg\" alt=\"\" class=\"wp-image-13645\" style=\"width:424px;height:auto\"\/><\/figure>\n\n\n\n<hr class=\"wp-block-separator has-alpha-channel-opacity\"\/>\n\n\n\n<h4 class=\"wp-block-heading\">Un llamado a la renovaci\u00f3n de la fe<\/h4>\n\n\n\n<p>&#8220;Y tambi\u00e9n entonces el deseo es a que los creyentes podamos hacer la experiencia de un cristianismo renovado o por lo menos atractivo, testimonial. Eso implica tambi\u00e9n nuevas decisiones frente a la fe. Es un cristianismo que podr\u00eda reavivarse en aquellos que quieran vivir de verdad y a fondo la fe relacionada con el presente, con los acontecimientos que nos atraviesan hoy.&#8221;<\/p>\n\n\n\n<figure class=\"wp-block-image size-full is-resized\"><img loading=\"lazy\" decoding=\"async\" width=\"297\" height=\"170\" src=\"https:\/\/enlamira.info\/wp-content\/uploads\/2024\/12\/images-14.jpg\" alt=\"\" class=\"wp-image-13646\" style=\"width:434px;height:auto\"\/><\/figure>\n\n\n\n<hr class=\"wp-block-separator has-alpha-channel-opacity\"\/>\n\n\n\n<h4 class=\"wp-block-heading\">Reflexi\u00f3n sobre la Navidad<\/h4>\n\n\n\n<p>&#8220;Llego a ustedes para saludarlos para la Navidad, para esta noche buena. Es un saludo habitual todos los a\u00f1os en este tiempo especial en el que se nos invita a contemplar a Dios hecho ni\u00f1o, al rey de todo hecho peque\u00f1o, peque\u00f1o y vulnerable. El pesebre de Bel\u00e9n que cada a\u00f1o nos dice cosas nuevas, nos ense\u00f1a cosas nuevas.&#8221;<\/p>\n\n\n\n<hr class=\"wp-block-separator has-alpha-channel-opacity\"\/>\n\n\n\n<h4 class=\"wp-block-heading\">Un mensaje de esperanza<\/h4>\n\n\n\n<figure class=\"wp-block-image size-full is-resized\"><img loading=\"lazy\" decoding=\"async\" width=\"255\" height=\"198\" src=\"https:\/\/enlamira.info\/wp-content\/uploads\/2024\/12\/images-12.jpg\" alt=\"\" class=\"wp-image-13647\" style=\"width:359px;height:auto\"\/><\/figure>\n\n\n\n<p>&#8220;Bueno, que este jubileo que pronto se abre, tiempo especial de conversi\u00f3n y de reparaci\u00f3n y de reconciliaci\u00f3n, nos ayude a todos. La esperanza no defrauda. Peregrinos de esperanza para seguir caminando juntos. Feliz Navidad.&#8221;<\/p>\n\n\n\n\n\n<hr class=\"wp-block-separator has-alpha-channel-opacity\"\/>\n\n\n\n<p>En esta Navidad, recordemos la importancia del amor, el cuidado y la solidaridad con aquellos que nos rodean. Que el mensaje del Padre Maxi Margni nos inspire a renovar nuestra fe y compromiso con la comunidad.<\/p>\n\n\n\n<hr class=\"wp-block-separator has-alpha-channel-opacity\"\/>\n\n\n\n<p>Espero que esta nota cumpla con tus expectativas y refleje el esp\u00edritu de la Navidad. \u00bfTe gustar\u00eda agregar algo m\u00e1s?<\/p>\n","protected":false},"excerpt":{"rendered":"<p>Queridos vecinos de Avellaneda y Lan\u00fas, en esta noche buena y Navidad, queremos compartir con ustedes el mensaje especial del Padre Obispo Maxi Margni, dirigido a todos los seguidores de nuestro medio. La importancia del amor y el cuidado &#8220;Querida audiencia, queridos vecinos de Avellaneda Lan\u00fas, querido Marcelo, equipo, soy el Padre Obispo Maxi y [&hellip;]<\/p>\n","protected":false},"author":2,"featured_media":13644,"comment_status":"open","ping_status":"open","sticky":false,"template":"","format":"standard","meta":{"footnotes":""},"categories":[1,34],"tags":[594,595],"_links":{"self":[{"href":"https:\/\/enlamira.info\/index.php\/wp-json\/wp\/v2\/posts\/13643"}],"collection":[{"href":"https:\/\/enlamira.info\/index.php\/wp-json\/wp\/v2\/posts"}],"about":[{"href":"https:\/\/enlamira.info\/index.php\/wp-json\/wp\/v2\/types\/post"}],"author":[{"embeddable":true,"href":"https:\/\/enlamira.info\/index.php\/wp-json\/wp\/v2\/users\/2"}],"replies":[{"embeddable":true,"href":"https:\/\/enlamira.info\/index.php\/wp-json\/wp\/v2\/comments?post=13643"}],"version-history":[{"count":2,"href":"https:\/\/enlamira.info\/index.php\/wp-json\/wp\/v2\/posts\/13643\/revisions"}],"predecessor-version":[{"id":13649,"href":"https:\/\/enlamira.info\/index.php\/wp-json\/wp\/v2\/posts\/13643\/revisions\/13649"}],"wp:featuredmedia":[{"embeddable":true,"href":"https:\/\/enlamira.info\/index.php\/wp-json\/wp\/v2\/media\/13644"}],"wp:attachment":[{"href":"https:\/\/enlamira.info\/index.php\/wp-json\/wp\/v2\/media?parent=13643"}],"wp:term":[{"taxonomy":"category","embeddable":true,"href":"https:\/\/enlamira.info\/index.php\/wp-json\/wp\/v2\/categories?post=13643"},{"taxonomy":"post_tag","embeddable":true,"href":"https:\/\/enlamira.info\/index.php\/wp-json\/wp\/v2\/tags?post=13643"}],"curies":[{"name":"wp","href":"https:\/\/api.w.org\/{rel}","templated":true}]}}