{"id":13630,"date":"2024-12-24T08:29:38","date_gmt":"2024-12-24T11:29:38","guid":{"rendered":"https:\/\/enlamira.info\/?p=13630"},"modified":"2024-12-24T08:29:38","modified_gmt":"2024-12-24T11:29:38","slug":"mons-margni-designo-un-parroco-y-un-administrador-parroquial","status":"publish","type":"post","link":"https:\/\/enlamira.info\/index.php\/2024\/12\/24\/mons-margni-designo-un-parroco-y-un-administrador-parroquial\/","title":{"rendered":"Mons. Margni design\u00f3 un p\u00e1rroco y un administrador parroquial"},"content":{"rendered":"\n<p>El obispo diocesano encomend\u00f3 dos nuevas tareas pastorales a los presb\u00edteros Cristian Ugarte y Luciano Biuso.<\/p>\n\n\n\n<p>El obispo de Avellaneda-Lan\u00fas, monse\u00f1or&nbsp;<strong>Marcelo Margni<\/strong>, realiz\u00f3 dos nuevas designaciones.<\/p>\n\n\n\n<p>El presb\u00edtero&nbsp;<strong>Cristian Ugarte<\/strong>&nbsp;fue designado p\u00e1rroco de Nuestra Se\u00f1ora de F\u00e1tima, en la Isla Maciel (Las Heras 241), y asumir\u00e1 su nueva misi\u00f3n el domingo 2 de marzo de 2025, en la misa de 10.<\/p>\n\n\n\n<p>En tanto, el sacerdote&nbsp;<strong>Luciano Biuso&nbsp;<\/strong>fue nombrado administrador parroquial del Sagrado Coraz\u00f3n de Jes\u00fas, de Dock Sud (Manuel Est\u00e9vez 1235), y comenzar\u00e1 su servicio pastoral el s\u00e1bado 1\u00b0 de marzo, a las 19.<\/p>\n\n\n\n<p>Ambas celebraciones ser\u00e1n presididas por el obispo.<\/p>\n","protected":false},"excerpt":{"rendered":"<p>El obispo diocesano encomend\u00f3 dos nuevas tareas pastorales a los presb\u00edteros Cristian Ugarte y Luciano Biuso. El obispo de Avellaneda-Lan\u00fas, monse\u00f1or&nbsp;Marcelo Margni, realiz\u00f3 dos nuevas designaciones. El presb\u00edtero&nbsp;Cristian Ugarte&nbsp;fue designado p\u00e1rroco de Nuestra Se\u00f1ora de F\u00e1tima, en la Isla Maciel (Las Heras 241), y asumir\u00e1 su nueva misi\u00f3n el domingo 2 de marzo de 2025, [&hellip;]<\/p>\n","protected":false},"author":2,"featured_media":13634,"comment_status":"open","ping_status":"open","sticky":false,"template":"","format":"standard","meta":{"footnotes":""},"categories":[1,34],"tags":[584,587,585,586],"_links":{"self":[{"href":"https:\/\/enlamira.info\/index.php\/wp-json\/wp\/v2\/posts\/13630"}],"collection":[{"href":"https:\/\/enlamira.info\/index.php\/wp-json\/wp\/v2\/posts"}],"about":[{"href":"https:\/\/enlamira.info\/index.php\/wp-json\/wp\/v2\/types\/post"}],"author":[{"embeddable":true,"href":"https:\/\/enlamira.info\/index.php\/wp-json\/wp\/v2\/users\/2"}],"replies":[{"embeddable":true,"href":"https:\/\/enlamira.info\/index.php\/wp-json\/wp\/v2\/comments?post=13630"}],"version-history":[{"count":1,"href":"https:\/\/enlamira.info\/index.php\/wp-json\/wp\/v2\/posts\/13630\/revisions"}],"predecessor-version":[{"id":13635,"href":"https:\/\/enlamira.info\/index.php\/wp-json\/wp\/v2\/posts\/13630\/revisions\/13635"}],"wp:featuredmedia":[{"embeddable":true,"href":"https:\/\/enlamira.info\/index.php\/wp-json\/wp\/v2\/media\/13634"}],"wp:attachment":[{"href":"https:\/\/enlamira.info\/index.php\/wp-json\/wp\/v2\/media?parent=13630"}],"wp:term":[{"taxonomy":"category","embeddable":true,"href":"https:\/\/enlamira.info\/index.php\/wp-json\/wp\/v2\/categories?post=13630"},{"taxonomy":"post_tag","embeddable":true,"href":"https:\/\/enlamira.info\/index.php\/wp-json\/wp\/v2\/tags?post=13630"}],"curies":[{"name":"wp","href":"https:\/\/api.w.org\/{rel}","templated":true}]}}