{"id":1362,"date":"2024-03-18T11:24:13","date_gmt":"2024-03-18T14:24:13","guid":{"rendered":"https:\/\/enlamira.info\/?p=1362"},"modified":"2024-03-18T12:06:25","modified_gmt":"2024-03-18T15:06:25","slug":"gol-anulado-y-penal-no-cobrado-los-fallos-contra-huracan-ante-barracas-central","status":"publish","type":"post","link":"https:\/\/enlamira.info\/index.php\/2024\/03\/18\/gol-anulado-y-penal-no-cobrado-los-fallos-contra-huracan-ante-barracas-central\/","title":{"rendered":"Gol anulado y penal no cobrado: los fallos contra Hurac\u00e1n ante Barracas Central"},"content":{"rendered":"\n<p>El Globo cay\u00f3 1-0 ante el club de Claudio Chiqui Tapia.<\/p>\n\n\n\n<p>Gol anulado por offside y penal no cobrado: los fallos contra Hurac\u00e1n en un lapso de seis minutos en su partido ante Barracas Central.<\/p>\n\n\n\n<p><em>El Globo<\/em>&nbsp;cay\u00f3 1-0 ante&nbsp;<em>el Guapo<\/em>&nbsp;por la fecha 11 de la Zona A<\/p>\n\n\n\n<p>Kudelka en conferencia de prensa le esquiv\u00f3 a la pol\u00e9mica: \u201cNo las pude ver otra vez. Ya est\u00e1. No puedo dar otra respuesta que aceptar las decisiones que se tomaron Yo tengo mi visi\u00f3n de la jugada, pero\u00a0no quiero hacer un an\u00e1lisis p\u00fablico y que eso despu\u00e9s sea un debate.\u201d<\/p>\n\n\n\n<p>\u201cPrefiero opinar que son decisiones tomadas y debo aceptarlas. Hoy en d\u00eda hablar de ese tipo de cosas es una l\u00ednea muy fina. No tengo nada que achacar verdaderamente\u201d, cerr\u00f3 el t\u00e9cnico de Hurac\u00e1n.<\/p>\n\n\n\n<h3 class=\"wp-block-heading\">El fin\u00edsimo offside del gol anulado<\/h3>\n\n\n\n<figure class=\"wp-block-embed is-type-rich is-provider-twitter wp-block-embed-twitter\"><div class=\"wp-block-embed__wrapper\">\n<blockquote class=\"twitter-tweet\" data-width=\"550\" data-dnt=\"true\"><p lang=\"es\" dir=\"ltr\">OFFSIDE y no suma el gol de Hurac\u00e1n vs. Barracas. \u00bfQu\u00e9 te parece? <br><br>\ud83d\udcfa ESPN Premium | Suscribite al Pack F\u00fatbol en <a href=\"https:\/\/t.co\/7jYILYACXi\">https:\/\/t.co\/7jYILYACXi<\/a> <a href=\"https:\/\/t.co\/J1eb8MMC03\">pic.twitter.com\/J1eb8MMC03<\/a><\/p>&mdash; SportsCenter (@SC_ESPN) <a href=\"https:\/\/twitter.com\/SC_ESPN\/status\/1769447310646219008?ref_src=twsrc%5Etfw\">March 17, 2024<\/a><\/blockquote><script async src=\"https:\/\/platform.twitter.com\/widgets.js\" charset=\"utf-8\"><\/script>\n<\/div><\/figure>\n\n\n\n<p>La falta contra De La Fuente no cobrada<\/p>\n\n\n\n<figure class=\"wp-block-embed is-type-rich is-provider-twitter wp-block-embed-twitter\"><div class=\"wp-block-embed__wrapper\">\n<blockquote class=\"twitter-tweet\" data-width=\"550\" data-dnt=\"true\"><p lang=\"es\" dir=\"ltr\">\u00bfERA PENAL PARA HURAC\u00c1N?<br><br>\ud83d\udcfa ESPN Premium | Suscribite al Pack F\u00fatbol en <a href=\"https:\/\/t.co\/7jYILYACXi\">https:\/\/t.co\/7jYILYACXi<\/a> <a href=\"https:\/\/t.co\/0GwUrUiYvu\">pic.twitter.com\/0GwUrUiYvu<\/a><\/p>&mdash; SportsCenter (@SC_ESPN) <a href=\"https:\/\/twitter.com\/SC_ESPN\/status\/1769448514772201983?ref_src=twsrc%5Etfw\">March 17, 2024<\/a><\/blockquote><script async src=\"https:\/\/platform.twitter.com\/widgets.js\" charset=\"utf-8\"><\/script>\n<\/div><\/figure>\n","protected":false},"excerpt":{"rendered":"<p>El Globo cay\u00f3 1-0 ante el club de Claudio Chiqui Tapia. Gol anulado por offside y penal no cobrado: los fallos contra Hurac\u00e1n en un lapso de seis minutos en su partido ante Barracas Central. El Globo&nbsp;cay\u00f3 1-0 ante&nbsp;el Guapo&nbsp;por la fecha 11 de la Zona A Kudelka en conferencia de prensa le esquiv\u00f3 a [&hellip;]<\/p>\n","protected":false},"author":2,"featured_media":1365,"comment_status":"open","ping_status":"open","sticky":false,"template":"","format":"standard","meta":{"footnotes":""},"categories":[14],"tags":[],"_links":{"self":[{"href":"https:\/\/enlamira.info\/index.php\/wp-json\/wp\/v2\/posts\/1362"}],"collection":[{"href":"https:\/\/enlamira.info\/index.php\/wp-json\/wp\/v2\/posts"}],"about":[{"href":"https:\/\/enlamira.info\/index.php\/wp-json\/wp\/v2\/types\/post"}],"author":[{"embeddable":true,"href":"https:\/\/enlamira.info\/index.php\/wp-json\/wp\/v2\/users\/2"}],"replies":[{"embeddable":true,"href":"https:\/\/enlamira.info\/index.php\/wp-json\/wp\/v2\/comments?post=1362"}],"version-history":[{"count":2,"href":"https:\/\/enlamira.info\/index.php\/wp-json\/wp\/v2\/posts\/1362\/revisions"}],"predecessor-version":[{"id":1366,"href":"https:\/\/enlamira.info\/index.php\/wp-json\/wp\/v2\/posts\/1362\/revisions\/1366"}],"wp:featuredmedia":[{"embeddable":true,"href":"https:\/\/enlamira.info\/index.php\/wp-json\/wp\/v2\/media\/1365"}],"wp:attachment":[{"href":"https:\/\/enlamira.info\/index.php\/wp-json\/wp\/v2\/media?parent=1362"}],"wp:term":[{"taxonomy":"category","embeddable":true,"href":"https:\/\/enlamira.info\/index.php\/wp-json\/wp\/v2\/categories?post=1362"},{"taxonomy":"post_tag","embeddable":true,"href":"https:\/\/enlamira.info\/index.php\/wp-json\/wp\/v2\/tags?post=1362"}],"curies":[{"name":"wp","href":"https:\/\/api.w.org\/{rel}","templated":true}]}}