{"id":13574,"date":"2024-12-10T23:40:31","date_gmt":"2024-12-11T02:40:31","guid":{"rendered":"https:\/\/enlamira.info\/?p=13574"},"modified":"2024-12-10T23:40:31","modified_gmt":"2024-12-11T02:40:31","slug":"aislada-del-gobierno-victoria-villarruel-publico-un-video-de-su-propio-primer-ano-de-gestion","status":"publish","type":"post","link":"https:\/\/enlamira.info\/index.php\/2024\/12\/10\/aislada-del-gobierno-victoria-villarruel-publico-un-video-de-su-propio-primer-ano-de-gestion\/","title":{"rendered":"Aislada del Gobierno, Victoria Villarruel public\u00f3 un video de su propio primer a\u00f1o de gesti\u00f3n"},"content":{"rendered":"\n<p>La vicepresidenta no particip\u00f3 de la reuni\u00f3n de Gabinete y no acompa\u00f1\u00f3 a Javier Milei en la cadena nacional de este martes.<\/p>\n\n\n\n<p>En el primer aniversario del gobierno de\u00a0La Libertad Avanza, la vicepresidenta\u00a0Victoria Villarruel comparti\u00f3 en sus redes sociales un\u00a0video\u00a0que resume su gesti\u00f3n en el Senado. Con apenas una breve menci\u00f3n al presidente Javier Milei, la publicaci\u00f3n evidencia la tensa relaci\u00f3n entre ambos. \u201cUn a\u00f1o muy intenso de trabajo, construyendo consensos en el Senado, recorriendo las provincias, afianzando el federalismo y trabajando por una Argentina mejor. \u00a1Todo por Argentina!\u201d, escribi\u00f3 Villarruel junto al audiovisual que destaca momentos clave de su labor.<\/p>\n\n\n\n<p>El video, de poco m\u00e1s de dos minutos, incluye un repaso de actividades como el retiro del busto de N\u00e9stor Kirchner del Sal\u00f3n de las Provincias, una decisi\u00f3n que justific\u00f3 afirmando: \u201cLo sacamos porque no fue senador, no fue vicepresidente, no soy su viuda y aqu\u00ed tiene que haber igualdad de todos los espacios\u201d. Tambi\u00e9n\u00a0record\u00f3 su papel crucial en la aprobaci\u00f3n de la Ley Bases, cuando tuvo que desempatar en el Senado, declarando: \u201cMi voto es positivo, pensando en los argentinos que merecen recuperar el orgullo de ser argentinos\u201d.<\/p>\n\n\n\n<p>La relaci\u00f3n entre\u00a0Villarruel\u00a0y Milei, que\u00a0mostr\u00f3 da\u00f1os desde el inicio de la gesti\u00f3n, se tens\u00f3 a\u00fan m\u00e1s con decisiones como la designaci\u00f3n de Patricia Bullrich en el Ministerio de Justicia y Luis Petri en Defensa, \u00e1reas que Villarruel consideraba propias. A lo largo del a\u00f1o, tambi\u00e9n protagoniz\u00f3 episodios pol\u00e9micos como un conflicto diplom\u00e1tico con Francia, su ausencia en la firma del Pacto de Mayo, y una visita a Espa\u00f1a en la que se fotografi\u00f3 junto a Isabel Per\u00f3n, lo que gener\u00f3 malestar en el Ejecutivo.<\/p>\n\n\n\n<p>En una entrevista reciente,\u00a0Milei\u00a0fue contundente al referirse a la vicepresidenta.\u00a0Se\u00f1al\u00f3 que Villarruel \u201cno tiene injerencia en la toma de decisiones\u201d y que su di\u00e1logo con ella es \u201cmeramente institucional\u201d. Adem\u00e1s, la vincul\u00f3 al \u201cc\u00edrculo rojo\u201d y la inclusi\u00f3n en lo que denomina \u201cla casta\u201d.\u00a0Villarruel, por su parte,\u00a0contin\u00faa marcando un camino independiente\u00a0dentro del Gobierno, con protagonismo propio y lejos del liderazgo de su compa\u00f1ero de f\u00f3rmula.<\/p>\n","protected":false},"excerpt":{"rendered":"<p>La vicepresidenta no particip\u00f3 de la reuni\u00f3n de Gabinete y no acompa\u00f1\u00f3 a Javier Milei en la cadena nacional de este martes. En el primer aniversario del gobierno de\u00a0La Libertad Avanza, la vicepresidenta\u00a0Victoria Villarruel comparti\u00f3 en sus redes sociales un\u00a0video\u00a0que resume su gesti\u00f3n en el Senado. Con apenas una breve menci\u00f3n al presidente Javier Milei, [&hellip;]<\/p>\n","protected":false},"author":2,"featured_media":13575,"comment_status":"open","ping_status":"open","sticky":false,"template":"","format":"standard","meta":{"footnotes":""},"categories":[20],"tags":[],"_links":{"self":[{"href":"https:\/\/enlamira.info\/index.php\/wp-json\/wp\/v2\/posts\/13574"}],"collection":[{"href":"https:\/\/enlamira.info\/index.php\/wp-json\/wp\/v2\/posts"}],"about":[{"href":"https:\/\/enlamira.info\/index.php\/wp-json\/wp\/v2\/types\/post"}],"author":[{"embeddable":true,"href":"https:\/\/enlamira.info\/index.php\/wp-json\/wp\/v2\/users\/2"}],"replies":[{"embeddable":true,"href":"https:\/\/enlamira.info\/index.php\/wp-json\/wp\/v2\/comments?post=13574"}],"version-history":[{"count":1,"href":"https:\/\/enlamira.info\/index.php\/wp-json\/wp\/v2\/posts\/13574\/revisions"}],"predecessor-version":[{"id":13576,"href":"https:\/\/enlamira.info\/index.php\/wp-json\/wp\/v2\/posts\/13574\/revisions\/13576"}],"wp:featuredmedia":[{"embeddable":true,"href":"https:\/\/enlamira.info\/index.php\/wp-json\/wp\/v2\/media\/13575"}],"wp:attachment":[{"href":"https:\/\/enlamira.info\/index.php\/wp-json\/wp\/v2\/media?parent=13574"}],"wp:term":[{"taxonomy":"category","embeddable":true,"href":"https:\/\/enlamira.info\/index.php\/wp-json\/wp\/v2\/categories?post=13574"},{"taxonomy":"post_tag","embeddable":true,"href":"https:\/\/enlamira.info\/index.php\/wp-json\/wp\/v2\/tags?post=13574"}],"curies":[{"name":"wp","href":"https:\/\/api.w.org\/{rel}","templated":true}]}}