{"id":1355,"date":"2024-03-18T11:21:13","date_gmt":"2024-03-18T14:21:13","guid":{"rendered":"https:\/\/enlamira.info\/?p=1355"},"modified":"2024-03-18T12:05:57","modified_gmt":"2024-03-18T15:05:57","slug":"la-salud-de-altamirano-como-esta-el-jugador-de-estudiantes-que-sufrio-una-convulsion-ante-boca","status":"publish","type":"post","link":"https:\/\/enlamira.info\/index.php\/2024\/03\/18\/la-salud-de-altamirano-como-esta-el-jugador-de-estudiantes-que-sufrio-una-convulsion-ante-boca\/","title":{"rendered":"La salud de Altamirano: c\u00f3mo est\u00e1 el jugador de Estudiantes que sufri\u00f3 una convulsi\u00f3n ante Boca"},"content":{"rendered":"\n<p>El episodio ocurri\u00f3 a los 27 minutos del partido por la Copa de la Liga, que termin\u00f3 siendo suspendido por el \u00e1rbitro Fernando Echenique.<\/p>\n\n\n\n<p>Corr\u00edan 27 minutos del primer tiempo\u00a0del partido entre Estudiantes y Boca por la Copa de la Liga, cuando el chileno\u00a0Javier Altamirano cay\u00f3 al campo de juego,\u00a0y la situaci\u00f3n alert\u00f3 a Santiago Ascacibar y Enzo P\u00e9rez, quienes estaban cerca suyo. Enseguida, compa\u00f1eros y rivales comenzaron a pedir la atenci\u00f3n m\u00e9dica:\u00a0el futbolista estaba convulsionando.<\/p>\n\n\n\n<p>Al tiempo que el mediocampista, de 24 a\u00f1os, era atendido por los cuerpos m\u00e9dicos de ambas delegaciones,\u00a0la ambulancia ingres\u00f3 al c\u00e9sped del estadio UNO Jorge Luis Hirschi y lo traslad\u00f3 al Centro M\u00e9dico Platense, donde le practicaron los primeros estudios, en compa\u00f1\u00eda de su esposa, que est\u00e1 embarazada y presenci\u00f3 la dolorosa escena desde una de las plateas de la cancha.<\/p>\n\n\n\n<p>Eduardo Dom\u00ednguez, dt del Pincha, cont\u00f3 tras la suspensi\u00f3n del pleito que camino al hospital sufri\u00f3 otro episodio. No obstante, luego los profesionales de la salud lograron estabilizarlo.<\/p>\n\n\n\n<p>Hugo Montenegro, m\u00e9dico del plantel del Pincha, quien dio detalles del estado de salud del trasandino desde la puerta del centro m\u00e9dico. \u201cEst\u00e1 bien, fue una convulsi\u00f3n. Ingres\u00f3, se le hicieron todos los estudios, laboratorio, una tomograf\u00eda que dio bien, se descartaron cosas tumorales; de ahora en m\u00e1s qued\u00f3 en observaci\u00f3n\u201d, dijo.<\/p>\n\n\n\n<figure class=\"wp-block-embed is-type-rich is-provider-twitter wp-block-embed-twitter\"><div class=\"wp-block-embed__wrapper\">\n<blockquote class=\"twitter-tweet\" data-width=\"550\" data-dnt=\"true\"><p lang=\"es\" dir=\"ltr\">&quot;QUED\u00d3 EN OBSERVACI\u00d3N Y MA\u00d1ANA COMENZAREMOS A HACER LOS ESTUDIOS QUE FALTAN&quot;. La palabra de Hugo Montenegro, m\u00e9dico de Estudiantes, sobre la situaci\u00f3n de Altamirano.<br><br>\ud83d\udcfa <a href=\"https:\/\/twitter.com\/hashtag\/ESPNF%C3%BAtbol1?src=hash&amp;ref_src=twsrc%5Etfw\">#ESPNF\u00fatbol1<\/a> | <a href=\"https:\/\/twitter.com\/ESPNArgentina?ref_src=twsrc%5Etfw\">@ESPNArgentina<\/a> <a href=\"https:\/\/t.co\/3qrtu1uvyP\">pic.twitter.com\/3qrtu1uvyP<\/a><\/p>&mdash; SportsCenter (@SC_ESPN) <a href=\"https:\/\/twitter.com\/SC_ESPN\/status\/1769539963077419328?ref_src=twsrc%5Etfw\">March 18, 2024<\/a><\/blockquote><script async src=\"https:\/\/platform.twitter.com\/widgets.js\" charset=\"utf-8\"><\/script>\n<\/div><\/figure>\n\n\n\n<p>\u201cQued\u00f3 en terapia, est\u00e1 dormido, ma\u00f1ana seguir\u00e1n los estudios para determinar cu\u00e1l fue la causa. Lo importante es que sali\u00f3 de ese episodio de convulsi\u00f3n, se le hicieron los primeros estudios que arrojaron buenas noticias, tenemos que complementarlos. Quda en observaci\u00f3n como una cuesti\u00f3n de control\u201d, complet\u00f3.\u201cNo ten\u00eda antecedentes y tampoco hubo un golpe previo a la situaci\u00f3n.\u00a0Queremos transmitir tranquilidad a todos\u201d, concluy\u00f3 Montenegro, en consonancia con los primeros detalles que ya hab\u00edan proporcionado ante los micr\u00f3fonos Dom\u00ednguez y el manager Marcos Angeleri.<\/p>\n","protected":false},"excerpt":{"rendered":"<p>El episodio ocurri\u00f3 a los 27 minutos del partido por la Copa de la Liga, que termin\u00f3 siendo suspendido por el \u00e1rbitro Fernando Echenique. Corr\u00edan 27 minutos del primer tiempo\u00a0del partido entre Estudiantes y Boca por la Copa de la Liga, cuando el chileno\u00a0Javier Altamirano cay\u00f3 al campo de juego,\u00a0y la situaci\u00f3n alert\u00f3 a Santiago [&hellip;]<\/p>\n","protected":false},"author":2,"featured_media":1357,"comment_status":"open","ping_status":"open","sticky":false,"template":"","format":"standard","meta":{"footnotes":""},"categories":[14],"tags":[],"_links":{"self":[{"href":"https:\/\/enlamira.info\/index.php\/wp-json\/wp\/v2\/posts\/1355"}],"collection":[{"href":"https:\/\/enlamira.info\/index.php\/wp-json\/wp\/v2\/posts"}],"about":[{"href":"https:\/\/enlamira.info\/index.php\/wp-json\/wp\/v2\/types\/post"}],"author":[{"embeddable":true,"href":"https:\/\/enlamira.info\/index.php\/wp-json\/wp\/v2\/users\/2"}],"replies":[{"embeddable":true,"href":"https:\/\/enlamira.info\/index.php\/wp-json\/wp\/v2\/comments?post=1355"}],"version-history":[{"count":2,"href":"https:\/\/enlamira.info\/index.php\/wp-json\/wp\/v2\/posts\/1355\/revisions"}],"predecessor-version":[{"id":1358,"href":"https:\/\/enlamira.info\/index.php\/wp-json\/wp\/v2\/posts\/1355\/revisions\/1358"}],"wp:featuredmedia":[{"embeddable":true,"href":"https:\/\/enlamira.info\/index.php\/wp-json\/wp\/v2\/media\/1357"}],"wp:attachment":[{"href":"https:\/\/enlamira.info\/index.php\/wp-json\/wp\/v2\/media?parent=1355"}],"wp:term":[{"taxonomy":"category","embeddable":true,"href":"https:\/\/enlamira.info\/index.php\/wp-json\/wp\/v2\/categories?post=1355"},{"taxonomy":"post_tag","embeddable":true,"href":"https:\/\/enlamira.info\/index.php\/wp-json\/wp\/v2\/tags?post=1355"}],"curies":[{"name":"wp","href":"https:\/\/api.w.org\/{rel}","templated":true}]}}