{"id":13549,"date":"2024-12-07T23:16:47","date_gmt":"2024-12-08T02:16:47","guid":{"rendered":"https:\/\/enlamira.info\/?p=13549"},"modified":"2024-12-07T23:16:47","modified_gmt":"2024-12-08T02:16:47","slug":"las-condolencias-de-jorge-brito-a-marcelo-gallardo-tras-la-muerte-de-su-padre","status":"publish","type":"post","link":"https:\/\/enlamira.info\/index.php\/2024\/12\/07\/las-condolencias-de-jorge-brito-a-marcelo-gallardo-tras-la-muerte-de-su-padre\/","title":{"rendered":"Las condolencias de Jorge Brito a Marcelo Gallardo tras la muerte de su padre"},"content":{"rendered":"\n<p>El presidente de River dio su mas sentido p\u00e9same a la familia Gallardo a trav\u00e9s de un posteo en X.<\/p>\n\n\n\n<p>Este s\u00e1bado a la madrugada falleci\u00f3 M\u00e1ximo Gallardo, y todo el pueblo gallina vive horas de profundo dolor para qui\u00e9n fue el DT del equipo senior y el padre del t\u00e9cnico m\u00e1s laureado de la historia riverplatense.<\/p>\n\n\n\n<p>El pap\u00e1 de Marcelo se encontraba internado en un sanatorio\u00a0de la Ciudad Aut\u00f3noma de Buenos Aires y\u00a0hace varios d\u00edas ven\u00eda librando una batalla contra una dura enfermedad, a la cual sufri\u00f3 adem\u00e1s algunas reca\u00eddas. De m\u00e1s est\u00e1 comentar que la jornada de la fecha 26 ante Rosario Central pasa a un segundo plano para dar paso a las condolencias de muchos allegados al mu\u00f1eco y del \u00e1mbito de River<\/p>\n\n\n\n<p><em>\u201cHasta siempre, M\u00e1ximo. Te recordaremos con esa sonrisa que ten\u00edas al dirigir al equipo de Leyendas o cuando lo acompa\u00f1abas a Marcelo en cada partido. Descans\u00e1 en paz, te vamos a extra\u00f1ar mucho. Un fuerte abrazo para Marcelo y todos sus familiares\u201d<\/em>, expres\u00f3 el presidente\u00a0Jorge Brito, acompa\u00f1ando su posteo en X con una foto de M\u00e1ximo en el estadio Monumental con la medalla de campe\u00f3n de campe\u00f3n de la Liga Senior.<\/p>\n\n\n\n<p>El Mu\u00f1eco ya hab\u00eda expresado, entre medio de algunas lagrimas de emoci\u00f3n, el mal momento que estaba atravesando su padre al momento de su retorno el club de N\u00fa\u00f1ez:&nbsp;<em>\u201cLes quiero agradecer de todo coraz\u00f3n a todos, y en especial a mi viejo, que no puede estar ac\u00e1 pero lo tengo en mi coraz\u00f3n. Ya lo vamos a tener de nuevo en los pasillos\u201d.<\/em><\/p>\n\n\n\n<p>A pesar de que la salud de su padre fue uno de los motivos determinantes de la vuelta de Marcelo a River, para poder cuidarlo junto con sus hermanas y estar cerca.\u00a0Maximo estuvo presente en el re-debut de su hijo ante Hurac\u00e1n, cuando observ\u00f3 el partido desde el palco 57 de la tribuna Belgrano.<\/p>\n","protected":false},"excerpt":{"rendered":"<p>El presidente de River dio su mas sentido p\u00e9same a la familia Gallardo a trav\u00e9s de un posteo en X. Este s\u00e1bado a la madrugada falleci\u00f3 M\u00e1ximo Gallardo, y todo el pueblo gallina vive horas de profundo dolor para qui\u00e9n fue el DT del equipo senior y el padre del t\u00e9cnico m\u00e1s laureado de la [&hellip;]<\/p>\n","protected":false},"author":2,"featured_media":13550,"comment_status":"open","ping_status":"open","sticky":false,"template":"","format":"standard","meta":{"footnotes":""},"categories":[14],"tags":[],"_links":{"self":[{"href":"https:\/\/enlamira.info\/index.php\/wp-json\/wp\/v2\/posts\/13549"}],"collection":[{"href":"https:\/\/enlamira.info\/index.php\/wp-json\/wp\/v2\/posts"}],"about":[{"href":"https:\/\/enlamira.info\/index.php\/wp-json\/wp\/v2\/types\/post"}],"author":[{"embeddable":true,"href":"https:\/\/enlamira.info\/index.php\/wp-json\/wp\/v2\/users\/2"}],"replies":[{"embeddable":true,"href":"https:\/\/enlamira.info\/index.php\/wp-json\/wp\/v2\/comments?post=13549"}],"version-history":[{"count":1,"href":"https:\/\/enlamira.info\/index.php\/wp-json\/wp\/v2\/posts\/13549\/revisions"}],"predecessor-version":[{"id":13551,"href":"https:\/\/enlamira.info\/index.php\/wp-json\/wp\/v2\/posts\/13549\/revisions\/13551"}],"wp:featuredmedia":[{"embeddable":true,"href":"https:\/\/enlamira.info\/index.php\/wp-json\/wp\/v2\/media\/13550"}],"wp:attachment":[{"href":"https:\/\/enlamira.info\/index.php\/wp-json\/wp\/v2\/media?parent=13549"}],"wp:term":[{"taxonomy":"category","embeddable":true,"href":"https:\/\/enlamira.info\/index.php\/wp-json\/wp\/v2\/categories?post=13549"},{"taxonomy":"post_tag","embeddable":true,"href":"https:\/\/enlamira.info\/index.php\/wp-json\/wp\/v2\/tags?post=13549"}],"curies":[{"name":"wp","href":"https:\/\/api.w.org\/{rel}","templated":true}]}}