{"id":1345,"date":"2024-03-17T17:34:37","date_gmt":"2024-03-17T20:34:37","guid":{"rendered":"https:\/\/enlamira.info\/?p=1345"},"modified":"2024-03-17T17:38:18","modified_gmt":"2024-03-17T20:38:18","slug":"el-gobierno-planea-eliminar-un-instituto-que-en-2023-recibio-1443-millones","status":"publish","type":"post","link":"https:\/\/enlamira.info\/index.php\/2024\/03\/17\/el-gobierno-planea-eliminar-un-instituto-que-en-2023-recibio-1443-millones\/","title":{"rendered":"El Gobierno planea eliminar un Instituto que en 2023 recibi\u00f3 $1443 millones"},"content":{"rendered":"\n<p>Se trata del Instituto de Juventudes que fue creado en 2018 por Mauricio Macri y que contin\u00fao Alberto Fern\u00e1ndez.<\/p>\n\n\n\n<p>El Gobierno Nacional est\u00e1 avanzando en un plan de recorte que incluye la\u00a0eliminaci\u00f3n del Instituto Nacional de Juventudes\u00a0(INJUVE), un organismo que recibi\u00f3 una asignaci\u00f3n presupuestaria considerable en\u00a02023. Bajo la gesti\u00f3n de Alberto\u00a0Fern\u00e1ndez, el INJUVE\u00a0recibi\u00f3 $1.443.965.594 el a\u00f1o pasado, divididos entre varios programas y gastos operativos.<\/p>\n\n\n\n<p>El INJUVE, creado en 2018 por Mauricio\u00a0Macri, se enfrenta ahora a la posible desaparici\u00f3n, seg\u00fan fuentes gubernamentales.\u00a0La intenci\u00f3n es que el organismo deje de tener una estructura formal\u00a0y pase a cumplir funciones sin designaciones espec\u00edficas en sus direcciones, siguiendo la tendencia de otros institutos que han sido afectados por el plan de recorte como el INADI y el INAI.<\/p>\n\n\n\n<p>El Instituto recibi\u00f3 asignaciones presupuestarias significativas para programas como \u201cReconstruyen2: Juventudes Solidarias\u201d y el \u201cPlan Nacional de Juventud\u201d. Sin embargo, ahora enfrenta la posibilidad de una\u00a0reducci\u00f3n dr\u00e1stica en su presupuesto para el a\u00f1o corriente, seg\u00fan lo establecido en el proyecto de presupuesto gubernamental para 2024.<\/p>\n\n\n\n<p>El INJUVE ha estado involucrado en diversas iniciativas para apoyar a la juventud en \u00e1reas como la educaci\u00f3n, el empleo y la salud mental. Sin embargo, su futuro est\u00e1 en entredicho mientras el\u00a0Gobierno\u00a0avanza en su plan de ajuste fiscal y reestructuraci\u00f3n administrativa.<\/p>\n","protected":false},"excerpt":{"rendered":"<p>Se trata del Instituto de Juventudes que fue creado en 2018 por Mauricio Macri y que contin\u00fao Alberto Fern\u00e1ndez. El Gobierno Nacional est\u00e1 avanzando en un plan de recorte que incluye la\u00a0eliminaci\u00f3n del Instituto Nacional de Juventudes\u00a0(INJUVE), un organismo que recibi\u00f3 una asignaci\u00f3n presupuestaria considerable en\u00a02023. Bajo la gesti\u00f3n de Alberto\u00a0Fern\u00e1ndez, el INJUVE\u00a0recibi\u00f3 $1.443.965.594 el [&hellip;]<\/p>\n","protected":false},"author":2,"featured_media":1347,"comment_status":"open","ping_status":"open","sticky":false,"template":"","format":"standard","meta":{"footnotes":""},"categories":[20],"tags":[],"_links":{"self":[{"href":"https:\/\/enlamira.info\/index.php\/wp-json\/wp\/v2\/posts\/1345"}],"collection":[{"href":"https:\/\/enlamira.info\/index.php\/wp-json\/wp\/v2\/posts"}],"about":[{"href":"https:\/\/enlamira.info\/index.php\/wp-json\/wp\/v2\/types\/post"}],"author":[{"embeddable":true,"href":"https:\/\/enlamira.info\/index.php\/wp-json\/wp\/v2\/users\/2"}],"replies":[{"embeddable":true,"href":"https:\/\/enlamira.info\/index.php\/wp-json\/wp\/v2\/comments?post=1345"}],"version-history":[{"count":2,"href":"https:\/\/enlamira.info\/index.php\/wp-json\/wp\/v2\/posts\/1345\/revisions"}],"predecessor-version":[{"id":1348,"href":"https:\/\/enlamira.info\/index.php\/wp-json\/wp\/v2\/posts\/1345\/revisions\/1348"}],"wp:featuredmedia":[{"embeddable":true,"href":"https:\/\/enlamira.info\/index.php\/wp-json\/wp\/v2\/media\/1347"}],"wp:attachment":[{"href":"https:\/\/enlamira.info\/index.php\/wp-json\/wp\/v2\/media?parent=1345"}],"wp:term":[{"taxonomy":"category","embeddable":true,"href":"https:\/\/enlamira.info\/index.php\/wp-json\/wp\/v2\/categories?post=1345"},{"taxonomy":"post_tag","embeddable":true,"href":"https:\/\/enlamira.info\/index.php\/wp-json\/wp\/v2\/tags?post=1345"}],"curies":[{"name":"wp","href":"https:\/\/api.w.org\/{rel}","templated":true}]}}