{"id":1340,"date":"2024-03-17T17:33:33","date_gmt":"2024-03-17T20:33:33","guid":{"rendered":"https:\/\/enlamira.info\/?p=1340"},"modified":"2024-03-17T17:39:15","modified_gmt":"2024-03-17T20:39:15","slug":"martin-menem-presiono-a-los-diputados-por-el-dnu-es-kirchnerismo-o-transformacion","status":"publish","type":"post","link":"https:\/\/enlamira.info\/index.php\/2024\/03\/17\/martin-menem-presiono-a-los-diputados-por-el-dnu-es-kirchnerismo-o-transformacion\/","title":{"rendered":"Mart\u00edn Menem presion\u00f3 a los diputados por el DNU: \u201cEs kirchnerismo o transformaci\u00f3n\u201d"},"content":{"rendered":"\n<p>El presidente de la C\u00e1mara de Diputados dijo que esta es una oportunidad para dejar al kirchnerismo en el pasado y aprovech\u00f3 para apuntar contra Mart\u00edn Lousteau.<\/p>\n\n\n\n<p>El presidente de la C\u00e1mara Baja, Mart\u00edn Menem, intensific\u00f3 la presi\u00f3n sobre los legisladores de la oposici\u00f3n inst\u00e1ndolos a respaldar el mega Decreto de Necesidad y Urgencia (DNU), advirtiendo que\u00a0rechazarlo ser\u00eda favorecer al kirchnerismo. Con el pr\u00f3ximo paso del DNU en la C\u00e1mara de Diputados, Menem plante\u00f3 que la votaci\u00f3n ser\u00eda una elecci\u00f3n entre continuar con el\u00a0kirchnerismo o apostar por la\u00a0transformaci\u00f3n.<\/p>\n\n\n\n<p>\u201cCuando se debata el DNU veremos qui\u00e9nes quieren continuar con el kirchnerismo\u00a0y qui\u00e9nes quieren ir hacia\u00a0otro lado.\u00a0Un retroceso con el DNU ser\u00eda hacerle el\u00a0juego\u00a0al kirchnerismo, mientras que\u00a0ratificarlo ser\u00eda dejar el kirchnerismo\u00a0atr\u00e1s,\u00a0en el pasado, que tanto da\u00f1o le ha hecho a la Argentina. Porque si hacen los distra\u00eddos, dicen que las cosas est\u00e1n mal o que empiezan con las cr\u00edticas, hablan de institucionalidad, pero\u00a0gobernaron 16 de los \u00faltimos 20 a\u00f1os, de hecho el anterior presidente (Alberto\u00a0Fern\u00e1ndez), que fue la\u00a0peor gesti\u00f3n\u00a0de la historia\u201d expres\u00f3 Menem.<\/p>\n\n\n\n<p>En un mensaje directo a los diputados, Menem enfatiz\u00f3 que cualquier decisi\u00f3n que vaya en contra del DNU ser\u00eda interpretada como apoyo al kirchnerismo y un retroceso para el pa\u00eds. Adem\u00e1s,\u00a0se sum\u00f3 a las cr\u00edticas al senador de la UCR, Mart\u00edn Lousteau, acus\u00e1ndolo de seguir siendo parte del kirchnerismo.<\/p>\n\n\n\n<p>Menem destac\u00f3 que un rechazo al DNU en la C\u00e1mara Baja invalidar\u00eda la medida, subrayando que\u00a0el\u00a0Gobierno\u00a0est\u00e1 cumpliendo el mandato dado por la gente en las elecciones. Adem\u00e1s, enfatiz\u00f3 la importancia de pensar en el inter\u00e9s de toda la sociedad y no en intereses personales o pol\u00edticos individuales.<\/p>\n\n\n\n<p>Las cr\u00edticas de Menem se suman a las del oficialismo contra Lousteau, recordando su papel en la resoluci\u00f3n 125 durante su gesti\u00f3n como ministro de Econom\u00eda y su voto alineado con el kirchnerismo. Estas declaraciones reflejan la tensi\u00f3n pol\u00edtica en torno al DNU y la firme postura del Gobierno para su aprobaci\u00f3n.<\/p>\n","protected":false},"excerpt":{"rendered":"<p>El presidente de la C\u00e1mara de Diputados dijo que esta es una oportunidad para dejar al kirchnerismo en el pasado y aprovech\u00f3 para apuntar contra Mart\u00edn Lousteau. El presidente de la C\u00e1mara Baja, Mart\u00edn Menem, intensific\u00f3 la presi\u00f3n sobre los legisladores de la oposici\u00f3n inst\u00e1ndolos a respaldar el mega Decreto de Necesidad y Urgencia (DNU), [&hellip;]<\/p>\n","protected":false},"author":2,"featured_media":1342,"comment_status":"open","ping_status":"open","sticky":false,"template":"","format":"standard","meta":{"footnotes":""},"categories":[20],"tags":[],"_links":{"self":[{"href":"https:\/\/enlamira.info\/index.php\/wp-json\/wp\/v2\/posts\/1340"}],"collection":[{"href":"https:\/\/enlamira.info\/index.php\/wp-json\/wp\/v2\/posts"}],"about":[{"href":"https:\/\/enlamira.info\/index.php\/wp-json\/wp\/v2\/types\/post"}],"author":[{"embeddable":true,"href":"https:\/\/enlamira.info\/index.php\/wp-json\/wp\/v2\/users\/2"}],"replies":[{"embeddable":true,"href":"https:\/\/enlamira.info\/index.php\/wp-json\/wp\/v2\/comments?post=1340"}],"version-history":[{"count":2,"href":"https:\/\/enlamira.info\/index.php\/wp-json\/wp\/v2\/posts\/1340\/revisions"}],"predecessor-version":[{"id":1344,"href":"https:\/\/enlamira.info\/index.php\/wp-json\/wp\/v2\/posts\/1340\/revisions\/1344"}],"wp:featuredmedia":[{"embeddable":true,"href":"https:\/\/enlamira.info\/index.php\/wp-json\/wp\/v2\/media\/1342"}],"wp:attachment":[{"href":"https:\/\/enlamira.info\/index.php\/wp-json\/wp\/v2\/media?parent=1340"}],"wp:term":[{"taxonomy":"category","embeddable":true,"href":"https:\/\/enlamira.info\/index.php\/wp-json\/wp\/v2\/categories?post=1340"},{"taxonomy":"post_tag","embeddable":true,"href":"https:\/\/enlamira.info\/index.php\/wp-json\/wp\/v2\/tags?post=1340"}],"curies":[{"name":"wp","href":"https:\/\/api.w.org\/{rel}","templated":true}]}}