{"id":13332,"date":"2024-11-30T12:17:20","date_gmt":"2024-11-30T15:17:20","guid":{"rendered":"https:\/\/enlamira.info\/?p=13332"},"modified":"2024-11-30T12:21:12","modified_gmt":"2024-11-30T15:21:12","slug":"hallaron-el-cuerpo-del-sargento-sebastian-romero-tras-dias-de-busqueda-en-el-rio-parana","status":"publish","type":"post","link":"https:\/\/enlamira.info\/index.php\/2024\/11\/30\/hallaron-el-cuerpo-del-sargento-sebastian-romero-tras-dias-de-busqueda-en-el-rio-parana\/","title":{"rendered":"Hallaron el cuerpo del sargento Sebasti\u00e1n Romero tras d\u00edas de b\u00fasqueda en el R\u00edo Paran\u00e1"},"content":{"rendered":"\n<p><span style=\"font-size: 19.2px; color: rgb(85, 85, 85); font-family: &quot;IBM Plex Sans&quot;, sans-serif; white-space-collapse: collapse;\">El operativo concluy\u00f3 con la localizaci\u00f3n del cuerpo a 1.500 metros del lugar del accidente, tras un arduo despliegue de fuerzas de rescate.<\/span><\/p>\n\n\n\n<p>El\u00a0Ej\u00e9rcito Argentino confirm\u00f3\u00a0esta ma\u00f1ana el hallazgo del cuerpo sin vida del sargento\u00a0Sebasti\u00e1n Romero,\u00a0quien hab\u00eda desaparecido\u00a0el pasado mi\u00e9rcoles tras un accidente en el\u00a0R\u00edo Paran\u00e1\u00a0durante un ejercicio militar.<\/p>\n\n\n\n<p>Seg\u00fan el comunicado oficial, el cuerpo fue localizado alrededor de las 7:31 horas, a 1.500 metros r\u00edo abajo del sitio donde ocurri\u00f3 el incidente, cerca del atracadero La Balsa, en Santa Fe.Romero, de 40 a\u00f1os, se encontraba a bordo de un bote neum\u00e1tico junto a otros siete compa\u00f1eros cuando la embarcaci\u00f3n colision\u00f3 con una estructura met\u00e1lica en el agua, lo que provoc\u00f3 que todos cayeran al r\u00edo. Mientras que los dem\u00e1s ocupantes lograron ser rescatados y trasladados al Hospital Militar Regional \u201cParan\u00e1\u201d, Romero no pudo ser localizado en ese momento.<\/p>\n\n\n\n<figure class=\"wp-block-image size-large\"><img loading=\"lazy\" decoding=\"async\" width=\"683\" height=\"1024\" src=\"https:\/\/enlamira.info\/wp-content\/uploads\/2024\/11\/image-11-683x1024.png\" alt=\"\" class=\"wp-image-13333\" srcset=\"https:\/\/enlamira.info\/wp-content\/uploads\/2024\/11\/image-11-683x1024.png 683w, https:\/\/enlamira.info\/wp-content\/uploads\/2024\/11\/image-11-200x300.png 200w, https:\/\/enlamira.info\/wp-content\/uploads\/2024\/11\/image-11-768x1152.png 768w, https:\/\/enlamira.info\/wp-content\/uploads\/2024\/11\/image-11.png 992w\" sizes=\"(max-width: 683px) 100vw, 683px\" \/><\/figure>\n\n\n\n<p>El comandante de Despliegue R\u00e1pido,\u00a0Sergio Jurczkyk, se\u00f1al\u00f3 que el sargento no llevaba puesto el chaleco salvavidas al momento del accidente, un detalle que ha generado interrogantes sobre los protocolos de seguridad implementados durante el ejercicio.<\/p>\n\n\n\n<p>Adem\u00e1s, d\u00edas antes de encontrar el cuerpo, se hab\u00edan hallado una mochila y una boina que pertenec\u00edan al sargento. Ambos elementos fueron recuperados en la orilla del r\u00edo por personal de Prefectura y se incorporaron a la investigaci\u00f3n liderada por la Unidad Fiscal Federal de Santa Fe.<\/p>\n\n\n\n<p>Seg\u00fan el comandante\u00a0Oscar Zarich, la zona donde ocurri\u00f3 el accidente es particularmente peligrosa debido a estructuras de hierro sumergidas que quedaron como restos de antiguas instalaciones. \u201cLa embarcaci\u00f3n impact\u00f3 con una saliente met\u00e1lica a solo 10 metros de la orilla, lo que desestabiliz\u00f3 a todos los ocupantes y provoc\u00f3 la ca\u00edda al agua\u201d, detall\u00f3 Zarich.<\/p>\n\n\n\n<p>El operativo de rescate moviliz\u00f3 recursos de varias fuerzas, incluyendo al Ej\u00e9rcito, Prefectura y la Armada Argentina. Se realizaron vuelos rasantes con helic\u00f3pteros y se desplegaron equipos especializados de buzos provenientes de Z\u00e1rate. En total, participaron 11 buzos, adem\u00e1s de personal terrestre que trabaj\u00f3 en el rastrillaje.<\/p>\n\n\n\n<p><strong>Zarich<\/strong>&nbsp;inform\u00f3 que la familia del sargento fue notificada desde el primer momento del accidente y estuvo al tanto de los avances en la b\u00fasqueda. Seg\u00fan declaraciones de los compa\u00f1eros de Romero, este se encontraba consciente tras la ca\u00edda y les pidi\u00f3 que buscaran ayuda mientras intentaba nadar hacia la orilla. Sin embargo, momentos despu\u00e9s, desapareci\u00f3 en la oscuridad de la noche.<\/p>\n\n\n\n<h3 class=\"wp-block-heading\">Investigaci\u00f3n en curso<\/h3>\n\n\n\n<p>Las autoridades militares y judiciales est\u00e1n investigando las causas del accidente, incluyendo posibles fallas en los procedimientos de seguridad. El hecho de que el sargento no llevara puesto el chaleco salvavidas ser\u00e1 un punto clave en las pesquisas.<\/p>\n\n\n\n<p>La Unidad Fiscal Federal de Santa Fe busca determinar las responsabilidades del caso y esclarecer si el accidente pudo haberse evitado con una mejor planificaci\u00f3n del ejercicio.<\/p>\n","protected":false},"excerpt":{"rendered":"<p>El operativo concluy\u00f3 con la localizaci\u00f3n del cuerpo a 1.500 metros del lugar del accidente, tras un arduo despliegue de fuerzas de rescate. El\u00a0Ej\u00e9rcito Argentino confirm\u00f3\u00a0esta ma\u00f1ana el hallazgo del cuerpo sin vida del sargento\u00a0Sebasti\u00e1n Romero,\u00a0quien hab\u00eda desaparecido\u00a0el pasado mi\u00e9rcoles tras un accidente en el\u00a0R\u00edo Paran\u00e1\u00a0durante un ejercicio militar. Seg\u00fan el comunicado oficial, el cuerpo [&hellip;]<\/p>\n","protected":false},"author":2,"featured_media":13336,"comment_status":"open","ping_status":"open","sticky":false,"template":"","format":"standard","meta":{"footnotes":""},"categories":[126],"tags":[],"_links":{"self":[{"href":"https:\/\/enlamira.info\/index.php\/wp-json\/wp\/v2\/posts\/13332"}],"collection":[{"href":"https:\/\/enlamira.info\/index.php\/wp-json\/wp\/v2\/posts"}],"about":[{"href":"https:\/\/enlamira.info\/index.php\/wp-json\/wp\/v2\/types\/post"}],"author":[{"embeddable":true,"href":"https:\/\/enlamira.info\/index.php\/wp-json\/wp\/v2\/users\/2"}],"replies":[{"embeddable":true,"href":"https:\/\/enlamira.info\/index.php\/wp-json\/wp\/v2\/comments?post=13332"}],"version-history":[{"count":1,"href":"https:\/\/enlamira.info\/index.php\/wp-json\/wp\/v2\/posts\/13332\/revisions"}],"predecessor-version":[{"id":13334,"href":"https:\/\/enlamira.info\/index.php\/wp-json\/wp\/v2\/posts\/13332\/revisions\/13334"}],"wp:featuredmedia":[{"embeddable":true,"href":"https:\/\/enlamira.info\/index.php\/wp-json\/wp\/v2\/media\/13336"}],"wp:attachment":[{"href":"https:\/\/enlamira.info\/index.php\/wp-json\/wp\/v2\/media?parent=13332"}],"wp:term":[{"taxonomy":"category","embeddable":true,"href":"https:\/\/enlamira.info\/index.php\/wp-json\/wp\/v2\/categories?post=13332"},{"taxonomy":"post_tag","embeddable":true,"href":"https:\/\/enlamira.info\/index.php\/wp-json\/wp\/v2\/tags?post=13332"}],"curies":[{"name":"wp","href":"https:\/\/api.w.org\/{rel}","templated":true}]}}