{"id":1331,"date":"2024-03-17T17:31:07","date_gmt":"2024-03-17T20:31:07","guid":{"rendered":"https:\/\/enlamira.info\/?p=1331"},"modified":"2024-03-17T17:41:13","modified_gmt":"2024-03-17T20:41:13","slug":"el-mensaje-del-arzobispo-de-buenos-aires-a-los-jovenes-nosotros-somos-mas-que-los-narcos","status":"publish","type":"post","link":"https:\/\/enlamira.info\/index.php\/2024\/03\/17\/el-mensaje-del-arzobispo-de-buenos-aires-a-los-jovenes-nosotros-somos-mas-que-los-narcos\/","title":{"rendered":"El mensaje del Arzobispo de Buenos Aires a los j\u00f3venes: \u201cNosotros somos m\u00e1s que los narcos\u201d"},"content":{"rendered":"\n<p>Monse\u00f1or Jorge Garc\u00eda Cuerva ofreci\u00f3 una misa para celebrar el inicio del ciclo lectivo 2024 en la Catedral metropolitana. Ante miles de j\u00f3venes que inician su ciclo lectivo, el premiere de la Iglesia local increp\u00f3 a los adolescentes y los invit\u00f3 a reflexionar.<\/p>\n\n\n\n<p>Al oficiar una misa en la\u00a0Catedral\u00a0metropolitana para bendecir el inicio del\u00a0ciclo\u00a0lectivo\u00a02024, el arzobispo de Buenos Aires, monse\u00f1or\u00a0Jorge\u00a0Garc\u00eda\u00a0Cuerva, les pidi\u00f3 a los j\u00f3venes que est\u00e1n\u00a0desilusionados\u00a0que no se vayan del pa\u00eds.<\/p>\n\n\n\n<p>\u201cNo dejen de so\u00f1ar. So\u00f1ar con ser felices. So\u00f1ar con elegir la profesi\u00f3n o el trabajo que quieras. Y le pido a todos que so\u00f1emos con una Argentina mejor\u201d, sostuvo ante los estudiantes de colegios secundarios.<\/p>\n\n\n\n<p>\u201cSeguro escuchamos a gente decir \u2018este pa\u00eds es una porquer\u00eda, un desastre, no salimos m\u00e1s, me quiero ir\u2019. Y algunos con lo \u00fanico que sue\u00f1an es en irse del pa\u00eds. No muchachos, la Argentina somos nosotros\u201d, asegur\u00f3. Y agreg\u00f3: \u201cSi todos los que queremos una Argentina buena, justa, solidaria, nos ponemos las pilas, somos m\u00e1s\u201d.<\/p>\n\n\n\n<p>Monse\u00f1or Cuerva asegur\u00f3 que, en el pa\u00eds, la mayor\u00eda es gente de bien: \u201cSomos m\u00e1s que los narcos. Somos m\u00e1s que los corruptos. Somos m\u00e1s que los ego\u00edstas que piensan solamente en su bolsillo. Somos muchos los que queremos una Argentina mejor\u201d.<\/p>\n\n\n\n<p>A modo de met\u00e1fora y parafraseando al Papa Francisco record\u00f3 que \u201chay que hacer l\u00edo\u201d y \u201cvivir con entusiasmo\u201d para poder cumplir nuestros sue\u00f1os y realizarnos como personas.<\/p>\n","protected":false},"excerpt":{"rendered":"<p>Monse\u00f1or Jorge Garc\u00eda Cuerva ofreci\u00f3 una misa para celebrar el inicio del ciclo lectivo 2024 en la Catedral metropolitana. Ante miles de j\u00f3venes que inician su ciclo lectivo, el premiere de la Iglesia local increp\u00f3 a los adolescentes y los invit\u00f3 a reflexionar. Al oficiar una misa en la\u00a0Catedral\u00a0metropolitana para bendecir el inicio del\u00a0ciclo\u00a0lectivo\u00a02024, el [&hellip;]<\/p>\n","protected":false},"author":2,"featured_media":1333,"comment_status":"open","ping_status":"open","sticky":false,"template":"","format":"standard","meta":{"footnotes":""},"categories":[20],"tags":[],"_links":{"self":[{"href":"https:\/\/enlamira.info\/index.php\/wp-json\/wp\/v2\/posts\/1331"}],"collection":[{"href":"https:\/\/enlamira.info\/index.php\/wp-json\/wp\/v2\/posts"}],"about":[{"href":"https:\/\/enlamira.info\/index.php\/wp-json\/wp\/v2\/types\/post"}],"author":[{"embeddable":true,"href":"https:\/\/enlamira.info\/index.php\/wp-json\/wp\/v2\/users\/2"}],"replies":[{"embeddable":true,"href":"https:\/\/enlamira.info\/index.php\/wp-json\/wp\/v2\/comments?post=1331"}],"version-history":[{"count":2,"href":"https:\/\/enlamira.info\/index.php\/wp-json\/wp\/v2\/posts\/1331\/revisions"}],"predecessor-version":[{"id":1334,"href":"https:\/\/enlamira.info\/index.php\/wp-json\/wp\/v2\/posts\/1331\/revisions\/1334"}],"wp:featuredmedia":[{"embeddable":true,"href":"https:\/\/enlamira.info\/index.php\/wp-json\/wp\/v2\/media\/1333"}],"wp:attachment":[{"href":"https:\/\/enlamira.info\/index.php\/wp-json\/wp\/v2\/media?parent=1331"}],"wp:term":[{"taxonomy":"category","embeddable":true,"href":"https:\/\/enlamira.info\/index.php\/wp-json\/wp\/v2\/categories?post=1331"},{"taxonomy":"post_tag","embeddable":true,"href":"https:\/\/enlamira.info\/index.php\/wp-json\/wp\/v2\/tags?post=1331"}],"curies":[{"name":"wp","href":"https:\/\/api.w.org\/{rel}","templated":true}]}}