{"id":1325,"date":"2024-03-17T17:29:29","date_gmt":"2024-03-17T20:29:29","guid":{"rendered":"https:\/\/enlamira.info\/?p=1325"},"modified":"2024-03-17T17:42:14","modified_gmt":"2024-03-17T20:42:14","slug":"un-libertario-creo-una-web-donde-expone-los-gastos-de-los-senadores-que-votaron-en-contra-del-dnu","status":"publish","type":"post","link":"https:\/\/enlamira.info\/index.php\/2024\/03\/17\/un-libertario-creo-una-web-donde-expone-los-gastos-de-los-senadores-que-votaron-en-contra-del-dnu\/","title":{"rendered":"Un libertario cre\u00f3 una web donde expone los gastos de los senadores que votaron en contra del DNU"},"content":{"rendered":"\n<p>La votaci\u00f3n en la C\u00e1mara Alta termin\u00f3 con 42 votos en contra y 25 a favor, con 4 abstenciones. Ante la falta de apoyo de los legisladores, un exponente del espacio decidi\u00f3 escracharlos mediante un espacio en la red.<\/p>\n\n\n\n<p>Con 42 votos negativos, 25 afirmativos y 4 abstenciones,\u00a0el Senado rechaz\u00f3 el mega\u00a0DNU\u00a0de Javier Milei. Durante la sesi\u00f3n del pasado 13 de marzo, el oficialismo hab\u00eda intentado postergar el tratamiento, pero la moci\u00f3n no tuvo \u00e9xito. A pesar de que\u00a0el Gobierno desminti\u00f3 internas, siguen creciendo los\u00a0rumores\u00a0de malestar con\u00a0Victoria Villarruel.<\/p>\n\n\n\n<p>Tras conocerse el resultado de la votaci\u00f3n, el vocero presidencial Manuel Adorni expres\u00f3:\u00a0\u201cNuevo r\u00e9cord hist\u00f3rico: la decadencia y el pasado por primera vez en la historia rechazaron en el Senado de la Naci\u00f3n un DNU a apenas tres meses de asumir el nuevo gobierno\u201d.<\/p>\n\n\n\n<h3 class=\"wp-block-heading\">Quienes votaron a favor y en contra<\/h3>\n\n\n\n<p>La Libertad Avanza, todos a favor (6): Ivanna Arrascaeta, Ezequiel Atauche, Vilma Bedia, Bruno Lucero, Juan Carlos Pagotto y Francisco Paoltroni.<\/p>\n\n\n\n<p>Frente Nacional y Popular, todos en contra (17): Guillermo Andrada, Daniel Bensus\u00e1n, Luc\u00eda Corpacci, Mar\u00eda Teresa Gonz\u00e1lez, Claudia Ledesma de Abdala, Marcelo Lewandowski, Mar\u00eda Florencia L\u00f3pez, Juan Luis Manzur, Jos\u00e9 Mayans, Sandra Mendoza, Gerardo Montenegro, Jos\u00e9 Neder, Mar\u00eda In\u00e9s Pilatti Vergara, Mariano Recalde, Jes\u00fas Rejal, Antonio Rodas y Sergio U\u00f1ac.<\/p>\n\n\n\n<p>Unidad Ciudadana, todos en contra (16): Eduardo \u201cWado\u201d De Pedro, Juliana Di Tullio, Claudio Do\u00f1ate, Mar\u00eda Eugenia Dur\u00e9, Anabel Fern\u00e1ndez Sagasti, Silvina Garc\u00eda Larraburu, Nora del Valle Gim\u00e9nez, Mar\u00eda Celeste Gim\u00e9nez Navarro, Alicia Kirchner, Sergio Leavy, Carlos Linares, C\u00e1ndida L\u00f3pez, Mar\u00eda Moises, Oscar Parrilli, Fernando Salino y Silvia Sapag.<\/p>\n\n\n\n<figure class=\"wp-block-image size-full\"><img loading=\"lazy\" decoding=\"async\" width=\"741\" height=\"458\" src=\"https:\/\/enlamira.info\/wp-content\/uploads\/2024\/03\/image-18.png\" alt=\"\" class=\"wp-image-1327\" srcset=\"https:\/\/enlamira.info\/wp-content\/uploads\/2024\/03\/image-18.png 741w, https:\/\/enlamira.info\/wp-content\/uploads\/2024\/03\/image-18-300x185.png 300w\" sizes=\"(max-width: 741px) 100vw, 741px\" \/><\/figure>\n\n\n\n<p>PRO, todos a favor (6): Carmen Rivero, Alfredo De Angeli, Enrique Goerling Lara, Mar\u00eda Victoria Huala, Luis Juez y Guadalupe Tagliaferri.<\/p>\n\n\n\n<p>Uni\u00f3n C\u00edvica Radical\u00a0(10 a favor, 2 en contra y 1 abstenci\u00f3n): Maximiliano Abad (abstenci\u00f3n), Pablo Daniel Blanco (en contra), Flavio Fama (a favor), Eduardo Galaretto (a favor), Mariana Juri (a favor), Daniel Kronenberg (a favor), Carolina Losada (a favor), Mart\u00edn Lousteau (en contra), Stella Maris Olalla de Moreira (a favor), Rodolfo Su\u00e1rez (a favor), Mercedes Valenzuela (a favor), Eduardo Vischi (a favor) y V\u00edctor Zimmerman (a favor).<\/p>\n\n\n\n<p>Unidad Federal\u00a0(2 en contra y 1 abstenci\u00f3n): Carlos Esp\u00ednola y Edgardo Dar\u00edo Kueider, en contra; y Alejandra Vigo, abstenci\u00f3n.<\/p>\n\n\n\n<p>Cambio Federal\u00a0(2 a favor y 1 en contra): Andrea Cristina (a favor), Juan Carlos Romero (a favor) y Edith Terenzi (en contra).<\/p>\n\n\n\n<p>Frente Renovador de la Concordia Social, abstenciones (2): Carlos Arce y Sonia Rojas Decut.<\/p>\n\n\n\n<p>Juntos Somos R\u00edo Negro, en contra (1): M\u00f3nica Silva.<\/p>\n\n\n\n<p>Por la Justicia Social,\u00a0a favor (1): Beatriz \u00c1vila.<\/p>\n\n\n\n<p>Frente al desenlace en la votaci\u00f3n, un seguidor libertario hizo una\u00a0p\u00e1gina web\u00a0donde visibiliza el nombre de los senadores que votaron en contra del proyecto y todos sus asesores, para que \u201cvean los gastos de la casta\u201d, explic\u00f3 el creador.<\/p>\n\n\n\n<p>El usuario se hace llamar\u00a0Dax\u00a0en su cuenta de X (ex Twitter) y se presenta como \u201cliberal Libertario, que amo los gatitos y es enemigo de la casta\u201d.<\/p>\n","protected":false},"excerpt":{"rendered":"<p>La votaci\u00f3n en la C\u00e1mara Alta termin\u00f3 con 42 votos en contra y 25 a favor, con 4 abstenciones. Ante la falta de apoyo de los legisladores, un exponente del espacio decidi\u00f3 escracharlos mediante un espacio en la red. Con 42 votos negativos, 25 afirmativos y 4 abstenciones,\u00a0el Senado rechaz\u00f3 el mega\u00a0DNU\u00a0de Javier Milei. Durante [&hellip;]<\/p>\n","protected":false},"author":2,"featured_media":1328,"comment_status":"open","ping_status":"open","sticky":false,"template":"","format":"standard","meta":{"footnotes":""},"categories":[20],"tags":[],"_links":{"self":[{"href":"https:\/\/enlamira.info\/index.php\/wp-json\/wp\/v2\/posts\/1325"}],"collection":[{"href":"https:\/\/enlamira.info\/index.php\/wp-json\/wp\/v2\/posts"}],"about":[{"href":"https:\/\/enlamira.info\/index.php\/wp-json\/wp\/v2\/types\/post"}],"author":[{"embeddable":true,"href":"https:\/\/enlamira.info\/index.php\/wp-json\/wp\/v2\/users\/2"}],"replies":[{"embeddable":true,"href":"https:\/\/enlamira.info\/index.php\/wp-json\/wp\/v2\/comments?post=1325"}],"version-history":[{"count":2,"href":"https:\/\/enlamira.info\/index.php\/wp-json\/wp\/v2\/posts\/1325\/revisions"}],"predecessor-version":[{"id":1330,"href":"https:\/\/enlamira.info\/index.php\/wp-json\/wp\/v2\/posts\/1325\/revisions\/1330"}],"wp:featuredmedia":[{"embeddable":true,"href":"https:\/\/enlamira.info\/index.php\/wp-json\/wp\/v2\/media\/1328"}],"wp:attachment":[{"href":"https:\/\/enlamira.info\/index.php\/wp-json\/wp\/v2\/media?parent=1325"}],"wp:term":[{"taxonomy":"category","embeddable":true,"href":"https:\/\/enlamira.info\/index.php\/wp-json\/wp\/v2\/categories?post=1325"},{"taxonomy":"post_tag","embeddable":true,"href":"https:\/\/enlamira.info\/index.php\/wp-json\/wp\/v2\/tags?post=1325"}],"curies":[{"name":"wp","href":"https:\/\/api.w.org\/{rel}","templated":true}]}}