{"id":1305,"date":"2024-03-17T17:24:30","date_gmt":"2024-03-17T20:24:30","guid":{"rendered":"https:\/\/enlamira.info\/?p=1305"},"modified":"2024-03-17T17:46:56","modified_gmt":"2024-03-17T20:46:56","slug":"messi-fue-desafectado-de-la-seleccion-argentina-no-jugara-los-amistosos","status":"publish","type":"post","link":"https:\/\/enlamira.info\/index.php\/2024\/03\/17\/messi-fue-desafectado-de-la-seleccion-argentina-no-jugara-los-amistosos\/","title":{"rendered":"Messi fue desafectado de la Selecci\u00f3n Argentina: no jugar\u00e1 los amistosos"},"content":{"rendered":"\n<p>El capit\u00e1n qued\u00f3 afuera del partido de este s\u00e1bado por la MLS ante Washington DC.<\/p>\n\n\n\n<p>Se confirm\u00f3 la lesi\u00f3n de Lionel Messi\u00a0en Inter Miami\u00a0y qued\u00f3 desafectado de la Selecci\u00f3n Argentina: el capit\u00e1n se perder\u00e1 los amistosos en Estados Unidos.<\/p>\n\n\n\n<p>La noticia se desprende del relevo de la Major League Soccer (MLS) de todas las franquicias y sus futbolistas internacionales.<\/p>\n\n\n\n<p>En Inter Miami aparecen como ausentes con sus respectivas selecciones Callender (USA), G\u00f3mez (Paraguay),\u00a0Federico Redondo (Argentina Sub-23), Ru\u00edz (Honduras) y Taylor (Finlandia).<\/p>\n\n\n\n<figure class=\"wp-block-image size-full\"><img loading=\"lazy\" decoding=\"async\" width=\"768\" height=\"768\" src=\"https:\/\/enlamira.info\/wp-content\/uploads\/2024\/03\/image-17.png\" alt=\"\" class=\"wp-image-1306\" srcset=\"https:\/\/enlamira.info\/wp-content\/uploads\/2024\/03\/image-17.png 768w, https:\/\/enlamira.info\/wp-content\/uploads\/2024\/03\/image-17-300x300.png 300w, https:\/\/enlamira.info\/wp-content\/uploads\/2024\/03\/image-17-150x150.png 150w\" sizes=\"(max-width: 768px) 100vw, 768px\" \/><\/figure>\n\n\n\n<p>La noticia se ve\u00eda venir ya que Leo\u00a0no jug\u00f3 ante Washington DC este s\u00e1bado\u00a0por una nueva fecha de la MLS.<\/p>\n\n\n\n<p>El parte m\u00e9dico oficial del Inter Miami: \u201cTras una evaluaci\u00f3n m\u00e9dica posterior, se ha determinado que el capit\u00e1n\u00a0ha sufrido una peque\u00f1a lesi\u00f3n en el isquiotibial de la pierna derecha\u201d.<\/p>\n\n\n\n<p>Habr\u00e1 que esperar para ver si el 10 igualmente estar\u00e1 con el plantel aprovechando que la reuni\u00f3n es en Estados Unidos. Lo \u00fanico seguro es que no estar\u00e1 en cancha ante El Salvador (22 de marzo) y Costa Rica (26 de marzo).<\/p>\n","protected":false},"excerpt":{"rendered":"<p>El capit\u00e1n qued\u00f3 afuera del partido de este s\u00e1bado por la MLS ante Washington DC. Se confirm\u00f3 la lesi\u00f3n de Lionel Messi\u00a0en Inter Miami\u00a0y qued\u00f3 desafectado de la Selecci\u00f3n Argentina: el capit\u00e1n se perder\u00e1 los amistosos en Estados Unidos. La noticia se desprende del relevo de la Major League Soccer (MLS) de todas las franquicias [&hellip;]<\/p>\n","protected":false},"author":2,"featured_media":1308,"comment_status":"open","ping_status":"open","sticky":false,"template":"","format":"standard","meta":{"footnotes":""},"categories":[14],"tags":[],"_links":{"self":[{"href":"https:\/\/enlamira.info\/index.php\/wp-json\/wp\/v2\/posts\/1305"}],"collection":[{"href":"https:\/\/enlamira.info\/index.php\/wp-json\/wp\/v2\/posts"}],"about":[{"href":"https:\/\/enlamira.info\/index.php\/wp-json\/wp\/v2\/types\/post"}],"author":[{"embeddable":true,"href":"https:\/\/enlamira.info\/index.php\/wp-json\/wp\/v2\/users\/2"}],"replies":[{"embeddable":true,"href":"https:\/\/enlamira.info\/index.php\/wp-json\/wp\/v2\/comments?post=1305"}],"version-history":[{"count":2,"href":"https:\/\/enlamira.info\/index.php\/wp-json\/wp\/v2\/posts\/1305\/revisions"}],"predecessor-version":[{"id":1310,"href":"https:\/\/enlamira.info\/index.php\/wp-json\/wp\/v2\/posts\/1305\/revisions\/1310"}],"wp:featuredmedia":[{"embeddable":true,"href":"https:\/\/enlamira.info\/index.php\/wp-json\/wp\/v2\/media\/1308"}],"wp:attachment":[{"href":"https:\/\/enlamira.info\/index.php\/wp-json\/wp\/v2\/media?parent=1305"}],"wp:term":[{"taxonomy":"category","embeddable":true,"href":"https:\/\/enlamira.info\/index.php\/wp-json\/wp\/v2\/categories?post=1305"},{"taxonomy":"post_tag","embeddable":true,"href":"https:\/\/enlamira.info\/index.php\/wp-json\/wp\/v2\/tags?post=1305"}],"curies":[{"name":"wp","href":"https:\/\/api.w.org\/{rel}","templated":true}]}}