{"id":1295,"date":"2024-03-17T17:21:44","date_gmt":"2024-03-17T20:21:44","guid":{"rendered":"https:\/\/enlamira.info\/?p=1295"},"modified":"2024-03-17T17:49:02","modified_gmt":"2024-03-17T20:49:02","slug":"le-robaron-al-pato-fillol-el-objeto-mas-preciado-de-su-carrera-deportiva","status":"publish","type":"post","link":"https:\/\/enlamira.info\/index.php\/2024\/03\/17\/le-robaron-al-pato-fillol-el-objeto-mas-preciado-de-su-carrera-deportiva\/","title":{"rendered":"Le robaron al Pato Fillol el objeto m\u00e1s preciado de su carrera deportiva"},"content":{"rendered":"\n<p>Seg\u00fan denunci\u00f3 el exfutbolista, los ladrones habr\u00edan conseguido las llaves de su departamento luego de meterse a su auto.<\/p>\n\n\n\n<p>El ex arquero de la Selecci\u00f3n Argentina,\u00a0Ubaldo Matildo \u201cPato\u201d Fillol, sufri\u00f3 un robo\u00a0en su departamento de Villa del Parque, donde los delincuentes se llevaron entre otras pertenencias\u00a0la medalla dorada del Mundial en Argentina 1978.<\/p>\n\n\n\n<p>El hecho ocurri\u00f3 este s\u00e1bado por la noche,\u00a0cuando Fillol hab\u00eda salido a cenar a eso de las 21 y tras salir del lugar not\u00f3 que su auto estaba abierto y que le faltaban las llaves de su domicilio y documentaci\u00f3n. Al entrar en su departamento not\u00f3 que la puerta no estaba violentada, pero su casa estaba totalmente revuelta.<\/p>\n\n\n\n<figure class=\"wp-block-embed is-type-rich is-provider-twitter wp-block-embed-twitter\"><div class=\"wp-block-embed__wrapper\">\n<blockquote class=\"twitter-tweet\" data-width=\"550\" data-dnt=\"true\"><p lang=\"es\" dir=\"ltr\">&quot;SE LLEVARON TODO&quot; | La desgarradora reacci\u00f3n del Pato Fillol luego del robo en su casa de Belgrano <a href=\"https:\/\/t.co\/sensjfwYPG\">https:\/\/t.co\/sensjfwYPG<\/a><br><br>\u201cEl departamento estaba abierto y revuelto. Se llevaron todas las medallas de mi carrera deportiva, incluida la medalla del 78\u2033, relat\u00f3 el Pato a TN. <a href=\"https:\/\/t.co\/K8aVo4b9M7\">pic.twitter.com\/K8aVo4b9M7<\/a><\/p>&mdash; TN &#8211; Todo Noticias (@todonoticias) <a href=\"https:\/\/twitter.com\/todonoticias\/status\/1769437862011838582?ref_src=twsrc%5Etfw\">March 17, 2024<\/a><\/blockquote><script async src=\"https:\/\/platform.twitter.com\/widgets.js\" charset=\"utf-8\"><\/script>\n<\/div><\/figure>\n\n\n\n<p>Entre los objetos que le robaron estaba la medalla dorada que obtuvo con la Selecci\u00f3n argentina tras ganar el Mundial de 1978\u00a0y otras medallas de oro que se encontraban en una caja.<\/p>\n\n\n\n<p>Al lugar arrib\u00f3 personal de la Comisar\u00eda Vecinal 11 B de la Polic\u00eda de la Ciudad. Interviene en el hecho la Fiscal\u00eda Criminal y Correccional n\u00famero 13, a cargo del doctor Olivieri, quien labr\u00f3 actuaciones por robo en ausencia de moradores.<\/p>\n","protected":false},"excerpt":{"rendered":"<p>Seg\u00fan denunci\u00f3 el exfutbolista, los ladrones habr\u00edan conseguido las llaves de su departamento luego de meterse a su auto. El ex arquero de la Selecci\u00f3n Argentina,\u00a0Ubaldo Matildo \u201cPato\u201d Fillol, sufri\u00f3 un robo\u00a0en su departamento de Villa del Parque, donde los delincuentes se llevaron entre otras pertenencias\u00a0la medalla dorada del Mundial en Argentina 1978. El hecho [&hellip;]<\/p>\n","protected":false},"author":2,"featured_media":1299,"comment_status":"open","ping_status":"open","sticky":false,"template":"","format":"standard","meta":{"footnotes":""},"categories":[14],"tags":[],"_links":{"self":[{"href":"https:\/\/enlamira.info\/index.php\/wp-json\/wp\/v2\/posts\/1295"}],"collection":[{"href":"https:\/\/enlamira.info\/index.php\/wp-json\/wp\/v2\/posts"}],"about":[{"href":"https:\/\/enlamira.info\/index.php\/wp-json\/wp\/v2\/types\/post"}],"author":[{"embeddable":true,"href":"https:\/\/enlamira.info\/index.php\/wp-json\/wp\/v2\/users\/2"}],"replies":[{"embeddable":true,"href":"https:\/\/enlamira.info\/index.php\/wp-json\/wp\/v2\/comments?post=1295"}],"version-history":[{"count":2,"href":"https:\/\/enlamira.info\/index.php\/wp-json\/wp\/v2\/posts\/1295\/revisions"}],"predecessor-version":[{"id":1297,"href":"https:\/\/enlamira.info\/index.php\/wp-json\/wp\/v2\/posts\/1295\/revisions\/1297"}],"wp:featuredmedia":[{"embeddable":true,"href":"https:\/\/enlamira.info\/index.php\/wp-json\/wp\/v2\/media\/1299"}],"wp:attachment":[{"href":"https:\/\/enlamira.info\/index.php\/wp-json\/wp\/v2\/media?parent=1295"}],"wp:term":[{"taxonomy":"category","embeddable":true,"href":"https:\/\/enlamira.info\/index.php\/wp-json\/wp\/v2\/categories?post=1295"},{"taxonomy":"post_tag","embeddable":true,"href":"https:\/\/enlamira.info\/index.php\/wp-json\/wp\/v2\/tags?post=1295"}],"curies":[{"name":"wp","href":"https:\/\/api.w.org\/{rel}","templated":true}]}}