{"id":1285,"date":"2024-03-16T14:31:20","date_gmt":"2024-03-16T17:31:20","guid":{"rendered":"https:\/\/enlamira.info\/?p=1285"},"modified":"2024-03-16T14:36:38","modified_gmt":"2024-03-16T17:36:38","slug":"rodrigo-de-loredo-critico-a-villarruel-por-haber-convocado-a-la-sesion-por-el-dnu-fue-un-error","status":"publish","type":"post","link":"https:\/\/enlamira.info\/index.php\/2024\/03\/16\/rodrigo-de-loredo-critico-a-villarruel-por-haber-convocado-a-la-sesion-por-el-dnu-fue-un-error\/","title":{"rendered":"Rodrigo de Loredo critic\u00f3 a Villarruel por haber convocado a la sesi\u00f3n por el DNU: \u201cFue un error\u201d"},"content":{"rendered":"\n<p>Tras el rechazo del decreto de Milei en el Senado, el jefe del bloque de la UCR enfatiz\u00f3 en la necesidad de abordar la tem\u00e1tica jubilatoria y la reforma laboral.<\/p>\n\n\n\n<p>Rodrigo de Loredo, l\u00edder del bloque de la Uni\u00f3n C\u00edvica Radical (UCR), calific\u00f3 como un error la decisi\u00f3n de la vicepresidenta de convocar a la sesi\u00f3n en el Senado que termin\u00f3 con el rechazo del DNU 70\/2023.<\/p>\n\n\n\n<p>Tras una reuni\u00f3n con el\u00a0ministro del Interior, Guillermo Francos, y otros legisladores, De Loredo expres\u00f3:\u00a0\u201cFue un error de la vicepresidenta haber convocado a una sesi\u00f3n por el DNU cuando se est\u00e1 trabajando la comisi\u00f3n Bicameral que se tendr\u00eda que expresar\u201d.<\/p>\n\n\n\n<p>En di\u00e1logo con la prensa, el diputado mencion\u00f3 los pedidos que le hicieron al Gobierno sobre los aspectos que considera abordar con urgencia.\u00a0\u201cNo puede esperar m\u00e1s la tem\u00e1tica jubilatoria.\u00a0Cualquiera que sea la suerte de la Ley \u00d3mnibus, lo que no puede esperar m\u00e1s es la suerte de los jubilados. Ellos tomaban nota\u201d, se\u00f1al\u00f3.<\/p>\n\n\n\n<p>Adem\u00e1s, enfatiz\u00f3 la\u00a0necesidad de incorporar la reforma laboral\u00a0por ley, que considera fundamental para el pa\u00eds. \u201cNecesitamos que las reformas que produzcan cambios en la Argentina finalmente sucedan. Le pedimos al gobierno que se focalice y que gestione\u201d, sostuvo.<\/p>\n\n\n\n<p>Sobre la Ley \u00d3mnibus, De Loredo mencion\u00f3 que recibieron un borrador esta semana y que est\u00e1n revisando los temas propuestos. Tambi\u00e9n, adelant\u00f3 que en el documento, que es mucho menos extenso que el original: \u201cHay una moratoria, blanqueo y ganancias. Esos son temas que estamos revisando\u201d, revel\u00f3.<\/p>\n\n\n\n<p>El PRO, por su parte, garantiz\u00f3 apoyo un\u00e1nime al\u00a0Gobierno\u00a0en las reformas propuestas, pero marc\u00f3 diferencias en la reforma previsional y en la restituci\u00f3n de la cuarta categor\u00eda de impuesto a las Ganancias.<\/p>\n\n\n\n<p>Desde el Ejecutivo, en tanto, reconocieron que les pidieron mayor rapidez en el tratado del aumento de las jubilaciones y su indexaci\u00f3n al \u00cdndice de Precios al Consumidor (IPC). \u201cHay diferentes posturas en los detalles, ellos no quieren asumir el costo pol\u00edtico de reflotar Ganancias. Para cada gobernador es distinto tambi\u00e9n, los patag\u00f3nicos tienen su posici\u00f3n\u201d, expres\u00f3 a&nbsp;<em>TN<\/em>&nbsp;un integrante de las negociaciones.<\/p>\n","protected":false},"excerpt":{"rendered":"<p>Tras el rechazo del decreto de Milei en el Senado, el jefe del bloque de la UCR enfatiz\u00f3 en la necesidad de abordar la tem\u00e1tica jubilatoria y la reforma laboral. Rodrigo de Loredo, l\u00edder del bloque de la Uni\u00f3n C\u00edvica Radical (UCR), calific\u00f3 como un error la decisi\u00f3n de la vicepresidenta de convocar a la [&hellip;]<\/p>\n","protected":false},"author":2,"featured_media":1288,"comment_status":"open","ping_status":"open","sticky":false,"template":"","format":"standard","meta":{"footnotes":""},"categories":[1],"tags":[],"_links":{"self":[{"href":"https:\/\/enlamira.info\/index.php\/wp-json\/wp\/v2\/posts\/1285"}],"collection":[{"href":"https:\/\/enlamira.info\/index.php\/wp-json\/wp\/v2\/posts"}],"about":[{"href":"https:\/\/enlamira.info\/index.php\/wp-json\/wp\/v2\/types\/post"}],"author":[{"embeddable":true,"href":"https:\/\/enlamira.info\/index.php\/wp-json\/wp\/v2\/users\/2"}],"replies":[{"embeddable":true,"href":"https:\/\/enlamira.info\/index.php\/wp-json\/wp\/v2\/comments?post=1285"}],"version-history":[{"count":2,"href":"https:\/\/enlamira.info\/index.php\/wp-json\/wp\/v2\/posts\/1285\/revisions"}],"predecessor-version":[{"id":1289,"href":"https:\/\/enlamira.info\/index.php\/wp-json\/wp\/v2\/posts\/1285\/revisions\/1289"}],"wp:featuredmedia":[{"embeddable":true,"href":"https:\/\/enlamira.info\/index.php\/wp-json\/wp\/v2\/media\/1288"}],"wp:attachment":[{"href":"https:\/\/enlamira.info\/index.php\/wp-json\/wp\/v2\/media?parent=1285"}],"wp:term":[{"taxonomy":"category","embeddable":true,"href":"https:\/\/enlamira.info\/index.php\/wp-json\/wp\/v2\/categories?post=1285"},{"taxonomy":"post_tag","embeddable":true,"href":"https:\/\/enlamira.info\/index.php\/wp-json\/wp\/v2\/tags?post=1285"}],"curies":[{"name":"wp","href":"https:\/\/api.w.org\/{rel}","templated":true}]}}