{"id":12816,"date":"2024-11-12T23:15:44","date_gmt":"2024-11-13T02:15:44","guid":{"rendered":"https:\/\/enlamira.info\/?p=12816"},"modified":"2024-11-12T23:25:20","modified_gmt":"2024-11-13T02:25:20","slug":"un-ex-funcionario-del-kirchnerismo-elogio-al-gobierno-por-el-dato-de-la-inflacion-es-para-festejar","status":"publish","type":"post","link":"https:\/\/enlamira.info\/index.php\/2024\/11\/12\/un-ex-funcionario-del-kirchnerismo-elogio-al-gobierno-por-el-dato-de-la-inflacion-es-para-festejar\/","title":{"rendered":"Un ex funcionario del kirchnerismo elogi\u00f3 al Gobierno por el dato de la inflaci\u00f3n: \u201cEs para festejar\u201d"},"content":{"rendered":"\n<p>El ex viceministro de Econom\u00eda, Gabriel Rubinstein, explic\u00f3 los desaf\u00edos que enfrentaron durante la gesti\u00f3n de Sergio Massa y que impactaron en el IPC.<\/p>\n\n\n\n<p>El ex viceministro de Econom\u00eda\u00a0Gabriel Rubinstein celebr\u00f3 el dato de\u00a0inflaci\u00f3n\u00a0de 2,7%\u00a0publicado por el INDEC este martes, destacando que\u00a0\u201ces para festejar, muestra logros del Gobierno\u201d. Durante su intervenci\u00f3n en\u00a0<em>TN Central<\/em>, Rubinstein resalt\u00f3 que este \u00edndice es positivo y representa una importante desaceleraci\u00f3n en el aumento de precios.<\/p>\n\n\n\n<p>El economista explic\u00f3 que\u00a0la administraci\u00f3n\u00a0kirchnerista\u00a0enfrent\u00f3 m\u00faltiples desaf\u00edos que influyeron en el elevado \u00edndice de inflaci\u00f3n\u00a0registrado bajo la gesti\u00f3n de Sergio Massa y heredado por el actual gobierno de Javier Milei. \u201cCuando asumimos, el d\u00e9ficit iba hacia la zona del 4% del PBI y hab\u00eda una idea de que iba a bajar gradualmente\u201d, coment\u00f3, se\u00f1alando que factores como la subida en el precio de la carne, el aumento de la brecha cambiaria y la sequ\u00eda impactaron gravemente en la econom\u00eda.<\/p>\n\n\n\n<p>El \u00edndice de precios al consumidor (IPC) de octubre mostr\u00f3 una leve baja en comparaci\u00f3n con el 3,5% de septiembre, un descenso que fue bien recibido en sectores oficialistas. Sin embargo, Rubinstein enfatiz\u00f3 que el dato debe analizarse en contexto, ya que\u00a0los problemas estructurales en la\u00a0econom\u00eda\u00a0argentina siguen vigentes\u00a0y el IPC refleja solo una parte de una situaci\u00f3n compleja.<\/p>\n\n\n\n<p>El informe del INDEC muestra que\u00a0la inflaci\u00f3n acumulada en los primeros diez meses de 2024 alcanz\u00f3 el 107%, mientras que el dato interanual lleg\u00f3 al 193% comparando octubre de este a\u00f1o con el mismo mes de 2023. Rubinstein argument\u00f3 que, pese a estos altos niveles, la desaceleraci\u00f3n reciente es un indicio de mejoras en la gesti\u00f3n de pol\u00edticas econ\u00f3micas.<\/p>\n","protected":false},"excerpt":{"rendered":"<p>El ex viceministro de Econom\u00eda, Gabriel Rubinstein, explic\u00f3 los desaf\u00edos que enfrentaron durante la gesti\u00f3n de Sergio Massa y que impactaron en el IPC. El ex viceministro de Econom\u00eda\u00a0Gabriel Rubinstein celebr\u00f3 el dato de\u00a0inflaci\u00f3n\u00a0de 2,7%\u00a0publicado por el INDEC este martes, destacando que\u00a0\u201ces para festejar, muestra logros del Gobierno\u201d. Durante su intervenci\u00f3n en\u00a0TN Central, Rubinstein resalt\u00f3 [&hellip;]<\/p>\n","protected":false},"author":2,"featured_media":12818,"comment_status":"open","ping_status":"open","sticky":false,"template":"","format":"standard","meta":{"footnotes":""},"categories":[22],"tags":[],"_links":{"self":[{"href":"https:\/\/enlamira.info\/index.php\/wp-json\/wp\/v2\/posts\/12816"}],"collection":[{"href":"https:\/\/enlamira.info\/index.php\/wp-json\/wp\/v2\/posts"}],"about":[{"href":"https:\/\/enlamira.info\/index.php\/wp-json\/wp\/v2\/types\/post"}],"author":[{"embeddable":true,"href":"https:\/\/enlamira.info\/index.php\/wp-json\/wp\/v2\/users\/2"}],"replies":[{"embeddable":true,"href":"https:\/\/enlamira.info\/index.php\/wp-json\/wp\/v2\/comments?post=12816"}],"version-history":[{"count":1,"href":"https:\/\/enlamira.info\/index.php\/wp-json\/wp\/v2\/posts\/12816\/revisions"}],"predecessor-version":[{"id":12817,"href":"https:\/\/enlamira.info\/index.php\/wp-json\/wp\/v2\/posts\/12816\/revisions\/12817"}],"wp:featuredmedia":[{"embeddable":true,"href":"https:\/\/enlamira.info\/index.php\/wp-json\/wp\/v2\/media\/12818"}],"wp:attachment":[{"href":"https:\/\/enlamira.info\/index.php\/wp-json\/wp\/v2\/media?parent=12816"}],"wp:term":[{"taxonomy":"category","embeddable":true,"href":"https:\/\/enlamira.info\/index.php\/wp-json\/wp\/v2\/categories?post=12816"},{"taxonomy":"post_tag","embeddable":true,"href":"https:\/\/enlamira.info\/index.php\/wp-json\/wp\/v2\/tags?post=12816"}],"curies":[{"name":"wp","href":"https:\/\/api.w.org\/{rel}","templated":true}]}}