{"id":1281,"date":"2024-03-16T14:30:05","date_gmt":"2024-03-16T17:30:05","guid":{"rendered":"https:\/\/enlamira.info\/?p=1281"},"modified":"2024-03-16T14:39:26","modified_gmt":"2024-03-16T17:39:26","slug":"espert-convoco-a-una-rebelion-contra-kicillof-y-llamo-a-los-bonaerenses-a-no-pagar-los-impuestos","status":"publish","type":"post","link":"https:\/\/enlamira.info\/index.php\/2024\/03\/16\/espert-convoco-a-una-rebelion-contra-kicillof-y-llamo-a-los-bonaerenses-a-no-pagar-los-impuestos\/","title":{"rendered":"Espert convoc\u00f3 a una rebeli\u00f3n contra Kicillof y llam\u00f3 a los bonaerenses a no pagar los impuestos"},"content":{"rendered":"\n<p>El diputado libertario apunt\u00f3 contra el Gobernador bonaerense y llam\u00f3 a los ciudadanos a no abonar la suba de las tarifas en patentes, bienes inmobiliarios, urbanos edificados y tierra rural que definieron en La Plata.<\/p>\n\n\n\n<p>El diputado de Avanza Libertad,\u00a0Jos\u00e9 Luis\u00a0Espert\u00a0est\u00e1 convencido de que en la Provincia de Buenos Aires \u201cse la viven fumando en pipa\u201d porque, seg\u00fan su visi\u00f3n, le sacan fondos que no les corresponden a la Naci\u00f3n.<\/p>\n\n\n\n<p>En esa l\u00ednea, el\u00a0libertario\u00a0apunt\u00f3 sobre todo por este tema contra el gobernador bonaerense,\u00a0Axel\u00a0Kicillof.\u00a0Entonces, llam\u00f3 a no abonar la suba de impuestos en patentes, bienes inmobiliarios, urbanos edificados y tierra rural que definieron en La Plata. \u201cYo no los voy a pagar\u201d, asever\u00f3.<\/p>\n\n\n\n<p>La propuesta de\u00a0Espert\u00a0fue una r\u00e9plica al ministro de Desarrollo de la provincia de Buenos Aires,\u00a0Andr\u00e9s Larroque, quien hab\u00eda justificado un rato antes que hac\u00eda \u201cmucho tiempo\u201d que no se incrementaba el impuesto inmobiliario, que aplicaron la suba por el \u201ccontexto muy dif\u00edcil\u201d que atraviesan por el recorte de giros nacionales y que de todas formas se quedaron atr\u00e1s de la inflaci\u00f3n con la carga.<\/p>\n\n\n\n<p>\u201cQue\u00a0Larroque\u00a0se deje de llorar, reciben una tracalada de plata adicional, porque se viven fumando en pipa a la Naci\u00f3n, cosa que no deber\u00eda ocurrir\u201d, se quej\u00f3 Espert, que adem\u00e1s preside la Comisi\u00f3n de Presupuesto y Hacienda.<\/p>\n\n\n\n<p>\u201cEl gobernador ha generado un impuestazo fenomenal y tampoco le alcanza. \u00bfKicillof es un vampiro en un banco de sangre con la plata? \u00bfMastica plata?\u201d, se pregunt\u00f3 contra el mandatario bonaerense, que est\u00e1 en las ant\u00edpodas ideol\u00f3gicas de la Casa Rosada.<\/p>\n\n\n\n<p>\u201cEl aumento de patentes, el del inmobiliario rural y el residencial no hay que pagarlo. Eso no es rebeli\u00f3n fiscal al pedo, sino rebeli\u00f3n fiscal con sentido com\u00fan\u201d, concluy\u00f3.<\/p>\n","protected":false},"excerpt":{"rendered":"<p>El diputado libertario apunt\u00f3 contra el Gobernador bonaerense y llam\u00f3 a los ciudadanos a no abonar la suba de las tarifas en patentes, bienes inmobiliarios, urbanos edificados y tierra rural que definieron en La Plata. El diputado de Avanza Libertad,\u00a0Jos\u00e9 Luis\u00a0Espert\u00a0est\u00e1 convencido de que en la Provincia de Buenos Aires \u201cse la viven fumando en [&hellip;]<\/p>\n","protected":false},"author":2,"featured_media":0,"comment_status":"open","ping_status":"open","sticky":false,"template":"","format":"standard","meta":{"footnotes":""},"categories":[20],"tags":[],"_links":{"self":[{"href":"https:\/\/enlamira.info\/index.php\/wp-json\/wp\/v2\/posts\/1281"}],"collection":[{"href":"https:\/\/enlamira.info\/index.php\/wp-json\/wp\/v2\/posts"}],"about":[{"href":"https:\/\/enlamira.info\/index.php\/wp-json\/wp\/v2\/types\/post"}],"author":[{"embeddable":true,"href":"https:\/\/enlamira.info\/index.php\/wp-json\/wp\/v2\/users\/2"}],"replies":[{"embeddable":true,"href":"https:\/\/enlamira.info\/index.php\/wp-json\/wp\/v2\/comments?post=1281"}],"version-history":[{"count":2,"href":"https:\/\/enlamira.info\/index.php\/wp-json\/wp\/v2\/posts\/1281\/revisions"}],"predecessor-version":[{"id":1284,"href":"https:\/\/enlamira.info\/index.php\/wp-json\/wp\/v2\/posts\/1281\/revisions\/1284"}],"wp:attachment":[{"href":"https:\/\/enlamira.info\/index.php\/wp-json\/wp\/v2\/media?parent=1281"}],"wp:term":[{"taxonomy":"category","embeddable":true,"href":"https:\/\/enlamira.info\/index.php\/wp-json\/wp\/v2\/categories?post=1281"},{"taxonomy":"post_tag","embeddable":true,"href":"https:\/\/enlamira.info\/index.php\/wp-json\/wp\/v2\/tags?post=1281"}],"curies":[{"name":"wp","href":"https:\/\/api.w.org\/{rel}","templated":true}]}}