{"id":12803,"date":"2024-11-12T23:11:31","date_gmt":"2024-11-13T02:11:31","guid":{"rendered":"https:\/\/enlamira.info\/?p=12803"},"modified":"2024-11-12T23:25:44","modified_gmt":"2024-11-13T02:25:44","slug":"javier-milei-adelanto-que-en-cinco-meses-argentina-podria-salir-del-cepo","status":"publish","type":"post","link":"https:\/\/enlamira.info\/index.php\/2024\/11\/12\/javier-milei-adelanto-que-en-cinco-meses-argentina-podria-salir-del-cepo\/","title":{"rendered":"Javier Milei adelant\u00f3 que en cinco meses Argentina podr\u00eda salir del cepo"},"content":{"rendered":"\n<p>En la Gala Anual de la Fundaci\u00f3n Endeavor, el Presidente destac\u00f3 el descenso de la inflaci\u00f3n, que en octubre fue del 2,7%.<\/p>\n\n\n\n<p>El presidente\u00a0Javier Milei anunci\u00f3 que en aproximadamente cinco meses el pa\u00eds podr\u00eda levantar el cepo cambiario, una medida econ\u00f3mica esperada desde hace tiempo. Este pronunciamiento se dio en la Gala Anual de la Fundaci\u00f3n Endeavor, donde Milei destac\u00f3 el descenso en la inflaci\u00f3n, con un \u00edndice de precios al consumidor que se ubic\u00f3 en\u00a02,7% en octubre, seg\u00fan inform\u00f3 el Instituto Nacional de Estad\u00edstica y Censos (Indec). La cifra representa una desaceleraci\u00f3n respecto al 3,5% registrado en septiembre.<\/p>\n\n\n\n<p>Durante su discurso,\u00a0Milei\u00a0adelant\u00f3: \u201cSi durante dos meses m\u00e1s repetimos n\u00fameros en esta l\u00ednea, vamos a estar bajando el crawling peg a 1%, y cuando repitamos tres meses de 1% vamos a estar liberando el mercado de cambios\u201d. El Presidente expres\u00f3 optimismo por el camino econ\u00f3mico emprendido y por las se\u00f1ales positivas en el mercado que podr\u00edan permitir un cambio en el control del tipo de cambio oficial.<\/p>\n\n\n\n<p>A trav\u00e9s de su cuenta en X, el mandatario tambi\u00e9n hizo referencia a esta estrategia, explicando que el Gobierno\u00a0planea reducir el ritmo de devaluaci\u00f3n a un 1% mensual\u00a0si la tendencia de\u00a0inflaci\u00f3n\u00a0a la baja se mantiene en los pr\u00f3ximos dos meses. La cifra de 2,7% en octubre marca el nivel mensual m\u00e1s bajo en casi tres a\u00f1os, lo cual, seg\u00fan Milei, indica avances significativos en el control de la inflaci\u00f3n.<\/p>\n\n\n\n<p>En su mensaje a los asistentes de la gala, Milei afirm\u00f3:\u00a0\u201cEn tiempo r\u00e9cord nos estamos liberando de la cadena m\u00e1s pesada que es la\u00a0inflaci\u00f3n\u201d, y destac\u00f3 que este logro parec\u00eda inalcanzable hace un a\u00f1o. La estrategia econ\u00f3mica de su administraci\u00f3n apunta a una liberalizaci\u00f3n progresiva de las restricciones cambiarias y un ajuste en el gasto p\u00fablico.<\/p>\n\n\n\n<p>El presidente tambi\u00e9n subray\u00f3 su compromiso con la reducci\u00f3n del Estado, un eje central de su pol\u00edtica:\u00a0\u201cNo se olviden que soy el topo adentro del Estado. Achicar el Estado es algo que me genera un placer enorme\u201d, afirm\u00f3, y reiter\u00f3 su objetivo de eliminar regulaciones innecesarias para promover un clima econ\u00f3mico m\u00e1s libre y eficiente.<\/p>\n","protected":false},"excerpt":{"rendered":"<p>En la Gala Anual de la Fundaci\u00f3n Endeavor, el Presidente destac\u00f3 el descenso de la inflaci\u00f3n, que en octubre fue del 2,7%. El presidente\u00a0Javier Milei anunci\u00f3 que en aproximadamente cinco meses el pa\u00eds podr\u00eda levantar el cepo cambiario, una medida econ\u00f3mica esperada desde hace tiempo. Este pronunciamiento se dio en la Gala Anual de la [&hellip;]<\/p>\n","protected":false},"author":2,"featured_media":12805,"comment_status":"open","ping_status":"open","sticky":false,"template":"","format":"standard","meta":{"footnotes":""},"categories":[22],"tags":[],"_links":{"self":[{"href":"https:\/\/enlamira.info\/index.php\/wp-json\/wp\/v2\/posts\/12803"}],"collection":[{"href":"https:\/\/enlamira.info\/index.php\/wp-json\/wp\/v2\/posts"}],"about":[{"href":"https:\/\/enlamira.info\/index.php\/wp-json\/wp\/v2\/types\/post"}],"author":[{"embeddable":true,"href":"https:\/\/enlamira.info\/index.php\/wp-json\/wp\/v2\/users\/2"}],"replies":[{"embeddable":true,"href":"https:\/\/enlamira.info\/index.php\/wp-json\/wp\/v2\/comments?post=12803"}],"version-history":[{"count":1,"href":"https:\/\/enlamira.info\/index.php\/wp-json\/wp\/v2\/posts\/12803\/revisions"}],"predecessor-version":[{"id":12804,"href":"https:\/\/enlamira.info\/index.php\/wp-json\/wp\/v2\/posts\/12803\/revisions\/12804"}],"wp:featuredmedia":[{"embeddable":true,"href":"https:\/\/enlamira.info\/index.php\/wp-json\/wp\/v2\/media\/12805"}],"wp:attachment":[{"href":"https:\/\/enlamira.info\/index.php\/wp-json\/wp\/v2\/media?parent=12803"}],"wp:term":[{"taxonomy":"category","embeddable":true,"href":"https:\/\/enlamira.info\/index.php\/wp-json\/wp\/v2\/categories?post=12803"},{"taxonomy":"post_tag","embeddable":true,"href":"https:\/\/enlamira.info\/index.php\/wp-json\/wp\/v2\/tags?post=12803"}],"curies":[{"name":"wp","href":"https:\/\/api.w.org\/{rel}","templated":true}]}}