{"id":1276,"date":"2024-03-16T14:28:51","date_gmt":"2024-03-16T17:28:51","guid":{"rendered":"https:\/\/enlamira.info\/?p=1276"},"modified":"2024-03-16T14:40:33","modified_gmt":"2024-03-16T17:40:33","slug":"la-cgt-presiona-a-los-gobernadores-y-amenaza-con-un-maraton-de-paros","status":"publish","type":"post","link":"https:\/\/enlamira.info\/index.php\/2024\/03\/16\/la-cgt-presiona-a-los-gobernadores-y-amenaza-con-un-maraton-de-paros\/","title":{"rendered":"La CGT presiona a los gobernadores y amenaza con un \u201cmarat\u00f3n de paros\u201d"},"content":{"rendered":"\n<p>Desde la central obrera anticipan que intentar\u00e1n que el decreto de Milei se frene en el Congreso o ante la Corte Suprema de Justicia y aguardan la evoluci\u00f3n de los conflictos sectoriales que est\u00e1n latentes,<\/p>\n\n\n\n<p>Mientras\u00a0Pablo\u00a0Moyano\u00a0anticipa un\u00a0segundo paro general\u00a0de la\u00a0CGT\u00a0para \u201cfines de marzo o principio de abril\u201d, el gremio prepara una estrategia algo desarticulada luego de darle la bienvenida a\u00a0Javier Milei\u00a0con una huelga a 45 d\u00edas de haber asumido. La eventual medida de fuerza est\u00e1 todav\u00eda lejos de reunir consenso interno en el coraz\u00f3n gremialista frente a la incertidumbre que gu\u00edan hoy el v\u00ednculo con la gesti\u00f3n libertaria.<\/p>\n\n\n\n<p>Luego del paro general impulsado por la\u00a0CGT\u00a0el pasado 24 de enero a un mes de la asunci\u00f3n del Gobierno de\u00a0Javier Milei, desde la central obrera anunciaron que se preparan para un segunda medida de fuerza , en medio de la ca\u00edda del poder adquisitivo y de medidas de fuerza que vienen realizando distintos gremios.<\/p>\n\n\n\n<p>En esa l\u00ednea, quien sali\u00f3 a cuestionar con dureza al jefe de Estado fue\u00a0Pablo\u00a0Moyano.\u00a0El gremialista advirti\u00f3 hoy que hacia finales de este mes o principio del pr\u00f3ximo podr\u00eda realizarse un nuevo paro general, en medio de lo que calific\u00f3 como una \u201ccreciente conflictividad social\u201d.<\/p>\n\n\n\n<p>\u201cCada actividad est\u00e1 defendiendo a sus trabajadores, por eso hay paros sectoriales como los aeron\u00e1uticos, los ferroviarios, los maestros. Marzo va a ser un mes complicado. Hoy va a haber una marcha multitudinaria de mujeres. El 24 de marzo creo que va a ser una de las marchas m\u00e1s grandes de los \u00faltimos a\u00f1os\u201d, afirm\u00f3\u00a0<strong>Moyano<\/strong>.<\/p>\n\n\n\n<p>Pero antes de avanzar en una nueva medida general, la\u00a0CGT\u00a0aguardar\u00e1 la evoluci\u00f3n de los conflictos sectoriales que est\u00e1n latentes, sobre todo aquellos que tienen que ver con la demora en la homologaci\u00f3n por parte de la Secretar\u00eda de Trabajo de los aumentos salariales.<\/p>\n\n\n\n<p>\u201cEstamos en un marat\u00f3n, que va a durar cuatro a\u00f1os. Ya hicimos un paro. No podemos hacerlo todos los meses\u201d, baja el tono de la confrontaci\u00f3n una voz autorizada de la CGT.<\/p>\n\n\n\n<p>La semana pr\u00f3xima podr\u00eda haber un paro de colectivos y de camioneros por este asunto, aunque podr\u00eda crecer y arrastrar a la protesta a todos los transportistas, incluido ferrocarriles y aeron\u00e1uticos, en pie de guerra por paritarias y posibles privatizaciones. Esta movida podr\u00eda volver a unir a los Moyano con Luis Barrionuevo, que agita conflictividad a trav\u00e9s de Omar Maturano mientras mantiene abiertas negociaciones con allegados a Milei por los fondos a las obras sociales sindicales.<\/p>\n\n\n\n<p>El avance de Milei con la reforma laboral por decreto fue considerado una provocaci\u00f3n para los gremios, que sintieron amenazados por primera vez en mucho tiempo su poder de representaci\u00f3n y recaudaci\u00f3n. El cap\u00edtulo laboral del DNU qued\u00f3 finalmente suspendido hasta tanto se expida la Corte Suprema despu\u00e9s de una seguidilla de fallos judiciales en instancias inferiores que la dirigencia cegetista consider\u00f3 como un triunfo propio. Se mantiene intacta la influencia gremial en el fuero laboral.<\/p>\n","protected":false},"excerpt":{"rendered":"<p>Desde la central obrera anticipan que intentar\u00e1n que el decreto de Milei se frene en el Congreso o ante la Corte Suprema de Justicia y aguardan la evoluci\u00f3n de los conflictos sectoriales que est\u00e1n latentes, Mientras\u00a0Pablo\u00a0Moyano\u00a0anticipa un\u00a0segundo paro general\u00a0de la\u00a0CGT\u00a0para \u201cfines de marzo o principio de abril\u201d, el gremio prepara una estrategia algo desarticulada luego [&hellip;]<\/p>\n","protected":false},"author":2,"featured_media":1278,"comment_status":"open","ping_status":"open","sticky":false,"template":"","format":"standard","meta":{"footnotes":""},"categories":[20],"tags":[],"_links":{"self":[{"href":"https:\/\/enlamira.info\/index.php\/wp-json\/wp\/v2\/posts\/1276"}],"collection":[{"href":"https:\/\/enlamira.info\/index.php\/wp-json\/wp\/v2\/posts"}],"about":[{"href":"https:\/\/enlamira.info\/index.php\/wp-json\/wp\/v2\/types\/post"}],"author":[{"embeddable":true,"href":"https:\/\/enlamira.info\/index.php\/wp-json\/wp\/v2\/users\/2"}],"replies":[{"embeddable":true,"href":"https:\/\/enlamira.info\/index.php\/wp-json\/wp\/v2\/comments?post=1276"}],"version-history":[{"count":2,"href":"https:\/\/enlamira.info\/index.php\/wp-json\/wp\/v2\/posts\/1276\/revisions"}],"predecessor-version":[{"id":1280,"href":"https:\/\/enlamira.info\/index.php\/wp-json\/wp\/v2\/posts\/1276\/revisions\/1280"}],"wp:featuredmedia":[{"embeddable":true,"href":"https:\/\/enlamira.info\/index.php\/wp-json\/wp\/v2\/media\/1278"}],"wp:attachment":[{"href":"https:\/\/enlamira.info\/index.php\/wp-json\/wp\/v2\/media?parent=1276"}],"wp:term":[{"taxonomy":"category","embeddable":true,"href":"https:\/\/enlamira.info\/index.php\/wp-json\/wp\/v2\/categories?post=1276"},{"taxonomy":"post_tag","embeddable":true,"href":"https:\/\/enlamira.info\/index.php\/wp-json\/wp\/v2\/tags?post=1276"}],"curies":[{"name":"wp","href":"https:\/\/api.w.org\/{rel}","templated":true}]}}