{"id":1273,"date":"2024-03-16T14:28:08","date_gmt":"2024-03-16T17:28:08","guid":{"rendered":"https:\/\/enlamira.info\/?p=1273"},"modified":"2024-03-16T14:43:58","modified_gmt":"2024-03-16T17:43:58","slug":"milei-critico-a-kicillof-por-la-suba-de-impuestos-el-gobernador-no-entiende","status":"publish","type":"post","link":"https:\/\/enlamira.info\/index.php\/2024\/03\/16\/milei-critico-a-kicillof-por-la-suba-de-impuestos-el-gobernador-no-entiende\/","title":{"rendered":"Milei critic\u00f3 a Kicillof por la suba de impuestos: \u201cEl gobernador no entiende\u201d"},"content":{"rendered":"\n<p>El jefe de Estado se hizo eco del posteo de Jos\u00e9 Luis Espert, quien llam\u00f3 a no pagar ning\u00fan tributo en la provincia de Buenos Aires ante las alzas de 300% y asegur\u00f3 que est\u00e1 confundido.<\/p>\n\n\n\n<p>En medio de las negociaciones por el\u00a0DNU\u00a0y la\u00a0Ley\u00a0\u00d3mnibus,\u00a0Javier\u00a0Milei\u00a0redobl\u00f3 sus cr\u00edticas contra el gobernador bonaerense,\u00a0Axel Kicillof\u00a0por los aumentos en los impuestos en la provincia de Buenos Aires. El Presidente comparti\u00f3 en sus redes las declaraciones del diputado Jos\u00e9 Luis Espert, quien llam\u00f3 a no abonar la suba de impuestos en patentes, bienes inmobiliarios, urbanos edificados y tierra rural que definieron en La Plata. \u201cYo no los voy a pagar\u201d, asever\u00f3.<\/p>\n\n\n\n<p>La propuesta de\u00a0Espert\u00a0fue una r\u00e9plica al ministro de Desarrollo de la provincia de Buenos Aires,\u00a0Andr\u00e9s Larroque, quien hab\u00eda justificado un rato antes que hac\u00eda \u201cmucho tiempo\u201d que no se incrementaba el impuesto inmobiliario, que aplicaron la suba por el \u201ccontexto muy dif\u00edcil\u201d que atraviesan por el recorte de giros nacionales y que de todas formas se quedaron atr\u00e1s de la inflaci\u00f3n con la carga.<\/p>\n\n\n\n<p>\u201cParece que cuando habla del derecho de propiedad, el gobernador no entiende que subir los impuestos netos es una violaci\u00f3n del derecho de propiedad. Puede que est\u00e9 confundido porque \u00e9l ley\u00f3 a un tal Alberti (asumo que nada que ver con nuestra historia) en lugar de Alberdi \u201c, expres\u00f3 el mandatario nacional en X (ex Twitter)<\/p>\n\n\n\n<p>Las cr\u00edticas de\u00a0Milei\u00a0A Kicillof se dan en medio de la negociaci\u00f3n con los gobernadores y distintos bloques para sostener el DNU 70\/2023 en la C\u00e1mara de Diputados e impulsar la nueva Ley \u00d3mnibus a cambio del pacto fiscal.<\/p>\n","protected":false},"excerpt":{"rendered":"<p>El jefe de Estado se hizo eco del posteo de Jos\u00e9 Luis Espert, quien llam\u00f3 a no pagar ning\u00fan tributo en la provincia de Buenos Aires ante las alzas de 300% y asegur\u00f3 que est\u00e1 confundido. En medio de las negociaciones por el\u00a0DNU\u00a0y la\u00a0Ley\u00a0\u00d3mnibus,\u00a0Javier\u00a0Milei\u00a0redobl\u00f3 sus cr\u00edticas contra el gobernador bonaerense,\u00a0Axel Kicillof\u00a0por los aumentos en los [&hellip;]<\/p>\n","protected":false},"author":2,"featured_media":1290,"comment_status":"open","ping_status":"open","sticky":false,"template":"","format":"standard","meta":{"footnotes":""},"categories":[20],"tags":[],"_links":{"self":[{"href":"https:\/\/enlamira.info\/index.php\/wp-json\/wp\/v2\/posts\/1273"}],"collection":[{"href":"https:\/\/enlamira.info\/index.php\/wp-json\/wp\/v2\/posts"}],"about":[{"href":"https:\/\/enlamira.info\/index.php\/wp-json\/wp\/v2\/types\/post"}],"author":[{"embeddable":true,"href":"https:\/\/enlamira.info\/index.php\/wp-json\/wp\/v2\/users\/2"}],"replies":[{"embeddable":true,"href":"https:\/\/enlamira.info\/index.php\/wp-json\/wp\/v2\/comments?post=1273"}],"version-history":[{"count":2,"href":"https:\/\/enlamira.info\/index.php\/wp-json\/wp\/v2\/posts\/1273\/revisions"}],"predecessor-version":[{"id":1275,"href":"https:\/\/enlamira.info\/index.php\/wp-json\/wp\/v2\/posts\/1273\/revisions\/1275"}],"wp:featuredmedia":[{"embeddable":true,"href":"https:\/\/enlamira.info\/index.php\/wp-json\/wp\/v2\/media\/1290"}],"wp:attachment":[{"href":"https:\/\/enlamira.info\/index.php\/wp-json\/wp\/v2\/media?parent=1273"}],"wp:term":[{"taxonomy":"category","embeddable":true,"href":"https:\/\/enlamira.info\/index.php\/wp-json\/wp\/v2\/categories?post=1273"},{"taxonomy":"post_tag","embeddable":true,"href":"https:\/\/enlamira.info\/index.php\/wp-json\/wp\/v2\/tags?post=1273"}],"curies":[{"name":"wp","href":"https:\/\/api.w.org\/{rel}","templated":true}]}}