{"id":1268,"date":"2024-03-16T14:27:11","date_gmt":"2024-03-16T17:27:11","guid":{"rendered":"https:\/\/enlamira.info\/?p=1268"},"modified":"2024-03-16T14:44:07","modified_gmt":"2024-03-16T17:44:07","slug":"anses-le-otorgo-a-alberto-fernandez-casi-8-millones-de-pesos-de-jubilacion-de-privilegio","status":"publish","type":"post","link":"https:\/\/enlamira.info\/index.php\/2024\/03\/16\/anses-le-otorgo-a-alberto-fernandez-casi-8-millones-de-pesos-de-jubilacion-de-privilegio\/","title":{"rendered":"ANSES le otorg\u00f3 a Alberto Fern\u00e1ndez casi 8 millones de pesos de jubilaci\u00f3n de privilegio"},"content":{"rendered":"\n<p>Pese al reclamo impulsado por diferentes sectores sociales, el organismo previsional autoriz\u00f3 el cobro de la millonaria suma por parte del ex jefe de Estado.<\/p>\n\n\n\n<p>Esta semana,\u00a0Anses\u00a0autoriz\u00f3 al expresidente\u00a0Alberto Fern\u00e1ndez\u00a0a cobrar una\u00a0jubilaci\u00f3n\u00a0\u201cde privilegio\u201d que ser\u00e1 de m\u00e1s de casi 8 millones de pesos. Actualmente el valor de la jubilaci\u00f3n m\u00ednima es de $105.712,61, valor que cobra alrededor del 65% de los titulares del r\u00e9gimen general.<\/p>\n\n\n\n<p>Ya la legisladora\u00a0Graciela Oca\u00f1a\u00a0hab\u00eda anticipado que la jubilaci\u00f3n de\u00a0Alberto\u00a0Fern\u00e1ndez, imputado en la causa de los seguros por malversaci\u00f3n de fondos p\u00fablicos, ser\u00eda de 7 millones de pesos por mes, lo que equivale a 66 jubilaciones m\u00ednimas. Por esto, la diputada present\u00f3 un reclamo formal que se hizo viral mediante Change.org<\/p>\n\n\n\n<p>\u201c\u00a1Basta de privilegios! Le vamos a dar elementos a la ANSES con los cuales pueda denegar la jubilaci\u00f3n de privilegio de Alberto Fern\u00e1ndez, y lo vamos a hacer utilizando el DNU que \u00e9l mismo firm\u00f3 decretando la emergencia previsional para poder robarle la plata a los jubilados\u201d, public\u00f3 Oca\u00f1a en su cuenta personal de la red social X.<\/p>\n\n\n\n<p>La legisladora de Confianza P\u00fablica hizo hincapi\u00e9 en la dif\u00edcil situaci\u00f3n que enfrentan los jubilados. Adem\u00e1s, argument\u00f3 que tiene que radicar su residencia en Argentina.<\/p>\n\n\n\n<p>\u201cLo que establece la ley que otorga estas jubilaciones de\u00a0privilegio\u00a0son dos condiciones. Una es que no debe cobrar ning\u00fan otro tipo de jubilaci\u00f3n, pensi\u00f3n y beneficios dentro del sistema. Y, por otro lado, la otra condici\u00f3n es que debe residir en Argentina. Claramente nosotros estamos adjuntando declaraciones donde dec\u00eda que cuando dejara la presidencia iba a residir en Madrid, cosa que est\u00e1 haciendo desde el 21 de diciembre\u201d, dijo en declaraciones a Radio Mitre.<\/p>\n\n\n\n<p>Sin embargo, esta ma\u00f1ana fue ella quien anunci\u00f3 la peor noticia: el monto le fue otorgado y el expresidente cobrar\u00e1 la estrafalaria suma.<\/p>\n\n\n\n<p>\u201cDesayunando y enter\u00e1ndome de la mala noticia: a pesar de nuestra presentaci\u00f3n y de las m\u00e1s de 55 mil personas que firmaron la petici\u00f3n de Change, ANSES decidi\u00f3 otorgarle a Alberto Fern\u00e1ndez casi 8 millones de pesos mensuales en concepto de Jubilaci\u00f3n de Privilegio\u201d, exclam\u00f3.<\/p>\n\n\n\n<figure class=\"wp-block-embed is-type-rich is-provider-twitter wp-block-embed-twitter\"><div class=\"wp-block-embed__wrapper\">\n<blockquote class=\"twitter-tweet\" data-width=\"550\" data-dnt=\"true\"><p lang=\"es\" dir=\"ltr\">Desayunando y enter\u00e1ndome de la mala noticia: a pesar de nuestra presentaci\u00f3n y de las m\u00e1s de 55 mil personas que firmaron la petici\u00f3n de Change, ANSES decidi\u00f3 otorgarle a Alberto Fern\u00e1ndez casi 8 millones de pesos mensuales en concepto de Jubilaci\u00f3n de Privilegio.<br><br>Presidente\u2026 <a href=\"https:\/\/t.co\/P6ewNOK7BK\">pic.twitter.com\/P6ewNOK7BK<\/a><\/p>&mdash; Graciela Oca\u00f1a (@gracielaocana) <a href=\"https:\/\/twitter.com\/gracielaocana\/status\/1769003975653687633?ref_src=twsrc%5Etfw\">March 16, 2024<\/a><\/blockquote><script async src=\"https:\/\/platform.twitter.com\/widgets.js\" charset=\"utf-8\"><\/script>\n<\/div><\/figure>\n\n\n\n<p>Hace meses,&nbsp;<strong>Fern\u00e1ndez<\/strong>&nbsp;hab\u00eda anticipado: \u201cAclaro que no est\u00e1 en mi \u00e1nimo radicarme fuera de Argentina ni tener residencia en otro pa\u00eds\u201d, dijo el ex jefe de Estado en su perfil de X. \u201cHago un culto a mi decencia y no dejar\u00e9 que difamen mi honestidad mostr\u00e1ndome como un privilegiado. No quiero ser acusado de abusar de privilegios que nunca ped\u00ed y nunca tuve. Solo me atengo a recibir el trato que las normas determinan\u201d, subray\u00f3 Fern\u00e1ndez en esas circunstancias. Sin embargo, lejos de cumplir con lo anunciado, su jubilaci\u00f3n de privilegio ya es una realidad.<\/p>\n","protected":false},"excerpt":{"rendered":"<p>Pese al reclamo impulsado por diferentes sectores sociales, el organismo previsional autoriz\u00f3 el cobro de la millonaria suma por parte del ex jefe de Estado. Esta semana,\u00a0Anses\u00a0autoriz\u00f3 al expresidente\u00a0Alberto Fern\u00e1ndez\u00a0a cobrar una\u00a0jubilaci\u00f3n\u00a0\u201cde privilegio\u201d que ser\u00e1 de m\u00e1s de casi 8 millones de pesos. Actualmente el valor de la jubilaci\u00f3n m\u00ednima es de $105.712,61, valor que [&hellip;]<\/p>\n","protected":false},"author":2,"featured_media":1271,"comment_status":"open","ping_status":"open","sticky":false,"template":"","format":"standard","meta":{"footnotes":""},"categories":[20],"tags":[],"_links":{"self":[{"href":"https:\/\/enlamira.info\/index.php\/wp-json\/wp\/v2\/posts\/1268"}],"collection":[{"href":"https:\/\/enlamira.info\/index.php\/wp-json\/wp\/v2\/posts"}],"about":[{"href":"https:\/\/enlamira.info\/index.php\/wp-json\/wp\/v2\/types\/post"}],"author":[{"embeddable":true,"href":"https:\/\/enlamira.info\/index.php\/wp-json\/wp\/v2\/users\/2"}],"replies":[{"embeddable":true,"href":"https:\/\/enlamira.info\/index.php\/wp-json\/wp\/v2\/comments?post=1268"}],"version-history":[{"count":2,"href":"https:\/\/enlamira.info\/index.php\/wp-json\/wp\/v2\/posts\/1268\/revisions"}],"predecessor-version":[{"id":1272,"href":"https:\/\/enlamira.info\/index.php\/wp-json\/wp\/v2\/posts\/1268\/revisions\/1272"}],"wp:featuredmedia":[{"embeddable":true,"href":"https:\/\/enlamira.info\/index.php\/wp-json\/wp\/v2\/media\/1271"}],"wp:attachment":[{"href":"https:\/\/enlamira.info\/index.php\/wp-json\/wp\/v2\/media?parent=1268"}],"wp:term":[{"taxonomy":"category","embeddable":true,"href":"https:\/\/enlamira.info\/index.php\/wp-json\/wp\/v2\/categories?post=1268"},{"taxonomy":"post_tag","embeddable":true,"href":"https:\/\/enlamira.info\/index.php\/wp-json\/wp\/v2\/tags?post=1268"}],"curies":[{"name":"wp","href":"https:\/\/api.w.org\/{rel}","templated":true}]}}