{"id":1264,"date":"2024-03-16T14:26:07","date_gmt":"2024-03-16T17:26:07","guid":{"rendered":"https:\/\/enlamira.info\/?p=1264"},"modified":"2024-03-16T14:45:45","modified_gmt":"2024-03-16T17:45:45","slug":"mascherano-dio-la-lista-de-convocados-de-la-seleccion-sub-23-para-los-amistosos-ante-mexico","status":"publish","type":"post","link":"https:\/\/enlamira.info\/index.php\/2024\/03\/16\/mascherano-dio-la-lista-de-convocados-de-la-seleccion-sub-23-para-los-amistosos-ante-mexico\/","title":{"rendered":"Mascherano dio la lista de convocados de la Selecci\u00f3n Sub 23 para los amistosos ante M\u00e9xico"},"content":{"rendered":"\n<p>El entrenador argentino dio a conocer a los jugadores que participar\u00e1n de los encuentros del 22 y 25 de marzo.<\/p>\n\n\n\n<p>La espera termin\u00f3:\u00a0Javier Mascherano finalmente dio a conocer la lista de convocados para la Selecci\u00f3n Sub 23, que disputar\u00e1n dos amistosos en M\u00e9xico ante la Selecci\u00f3n de ese pa\u00eds, en el marco de la fecha FIFA que se aproxima.<\/p>\n\n\n\n<p>L\u00f3gicamente,\u00a0la convocatoria se encuadra en la preparaci\u00f3n del equipo de cara a su participaci\u00f3n en los Juegos Ol\u00edmpicos de Par\u00eds, que se desarrollar\u00e1n del 26 de julio al 11 de agosto de 2024.<\/p>\n\n\n\n<p>Con esa cita en la cabeza, el entrenador\u00a0Mascherano\u00a0convoc\u00f3 a varios de los que vienen siendo parte del proceso de la\u00a0Selecci\u00f3n Sub 23, que clasificaron al equipo a la cita ol\u00edmpica en enero, pero tambi\u00e9n hay varias sorpresas, principalmente provenientes del f\u00fatbol europeo.<\/p>\n\n\n\n<p>Entre ellos, el exjugador de Boca:\u00a0Alan Varela\u00a0(actual Porto), el nacido en Espa\u00f1a\u00a0Nicol\u00e1s Paz\u00a0(juega en Real Madrid Castilla pero ya debut\u00f3 en el primer equipo),\u00a0Mat\u00edas Soul\u00e9\u00a0(jugador de Juventus a pr\u00e9stamo en Frosinone) y el ex River\u00a0Lucas Beltr\u00e1n\u00a0(actual Fiorentina). Luego, al base del preol\u00edmpico:\u00a0Almada, Echeverri, Medina Goundou, Brey, etc.<\/p>\n\n\n\n<p>De los 23 futbolistas elegidos por Mascherano, 12 pertenecen al f\u00fatbol argentino y 9 juegan en el exterior. A continuaci\u00f3n, la lista completa de los convocados:<\/p>\n\n\n\n<p><strong>Arqueros<\/strong>: Leandro Brey (Boca Juniors) y Fabricio Iacovich (Estudiantes);<\/p>\n\n\n\n<p><strong>Defensores<\/strong>: Joaqu\u00edn Garc\u00eda (V\u00e9lez), Gonzalo Luj\u00e1n (San Lorenzo), Ian Glavinovich (Newell\u2019s), Aaron Quir\u00f3s (Banfield), Marco Pellegrino (Salernitana, Italia) y Rom\u00e1n Vega (Argentinos Juniors);<\/p>\n\n\n\n<p><strong>Mediocampistas<\/strong>: Federico Redondo (Inter Miami, Estados Unidos), Juan Sforza (Vasco da Gama, Brasil), Alan Varela (Porto, Portugal), Cristian Medina (Boca Juniors), Thiago Almada (Atlanta United, Estados Unidos), Claudio Echeverri (River Plate), Mat\u00edas Soul\u00e9 (Frosinone, Italia) y Nicol\u00e1s Paz (Real Madrid, Espa\u00f1a);<\/p>\n\n\n\n<p><strong>Delanteros<\/strong>: Luciano Gondou (Argentinos Juniors), Santiago Castro (Bologna, Italia), Pablo Solari (River Plate), Lucas Beltr\u00e1n (Fiorentina, Italia) y Juan Nardoni (Racing).<\/p>\n","protected":false},"excerpt":{"rendered":"<p>El entrenador argentino dio a conocer a los jugadores que participar\u00e1n de los encuentros del 22 y 25 de marzo. La espera termin\u00f3:\u00a0Javier Mascherano finalmente dio a conocer la lista de convocados para la Selecci\u00f3n Sub 23, que disputar\u00e1n dos amistosos en M\u00e9xico ante la Selecci\u00f3n de ese pa\u00eds, en el marco de la fecha [&hellip;]<\/p>\n","protected":false},"author":2,"featured_media":1266,"comment_status":"open","ping_status":"open","sticky":false,"template":"","format":"standard","meta":{"footnotes":""},"categories":[14],"tags":[],"_links":{"self":[{"href":"https:\/\/enlamira.info\/index.php\/wp-json\/wp\/v2\/posts\/1264"}],"collection":[{"href":"https:\/\/enlamira.info\/index.php\/wp-json\/wp\/v2\/posts"}],"about":[{"href":"https:\/\/enlamira.info\/index.php\/wp-json\/wp\/v2\/types\/post"}],"author":[{"embeddable":true,"href":"https:\/\/enlamira.info\/index.php\/wp-json\/wp\/v2\/users\/2"}],"replies":[{"embeddable":true,"href":"https:\/\/enlamira.info\/index.php\/wp-json\/wp\/v2\/comments?post=1264"}],"version-history":[{"count":2,"href":"https:\/\/enlamira.info\/index.php\/wp-json\/wp\/v2\/posts\/1264\/revisions"}],"predecessor-version":[{"id":1267,"href":"https:\/\/enlamira.info\/index.php\/wp-json\/wp\/v2\/posts\/1264\/revisions\/1267"}],"wp:featuredmedia":[{"embeddable":true,"href":"https:\/\/enlamira.info\/index.php\/wp-json\/wp\/v2\/media\/1266"}],"wp:attachment":[{"href":"https:\/\/enlamira.info\/index.php\/wp-json\/wp\/v2\/media?parent=1264"}],"wp:term":[{"taxonomy":"category","embeddable":true,"href":"https:\/\/enlamira.info\/index.php\/wp-json\/wp\/v2\/categories?post=1264"},{"taxonomy":"post_tag","embeddable":true,"href":"https:\/\/enlamira.info\/index.php\/wp-json\/wp\/v2\/tags?post=1264"}],"curies":[{"name":"wp","href":"https:\/\/api.w.org\/{rel}","templated":true}]}}