{"id":1259,"date":"2024-03-16T14:24:52","date_gmt":"2024-03-16T17:24:52","guid":{"rendered":"https:\/\/enlamira.info\/?p=1259"},"modified":"2024-03-16T14:46:51","modified_gmt":"2024-03-16T17:46:51","slug":"matias-suarez-sin-filtro-sobre-su-salida-de-river-llame-a-demichelis-y-le-dije-que-daba-un-paso-al-costado","status":"publish","type":"post","link":"https:\/\/enlamira.info\/index.php\/2024\/03\/16\/matias-suarez-sin-filtro-sobre-su-salida-de-river-llame-a-demichelis-y-le-dije-que-daba-un-paso-al-costado\/","title":{"rendered":"Mat\u00edas Su\u00e1rez, sin filtro sobre su salida de River: \u201cLlam\u00e9 a Demichelis y le dije que daba un paso al costado\u201d"},"content":{"rendered":"\n<p>Adem\u00e1s, el delantero de Belgrano relat\u00f3 como fue la \u201cdif\u00edcil decisi\u00f3n\u201d de dejar el Millonario para retornar al Pirata, donde inici\u00f3 su carrera futbol\u00edstica.<\/p>\n\n\n\n<p>El fin de a\u00f1o pasado fue un momento de depuraci\u00f3n del plantel de River. El equipo de Mart\u00edn Demichelis contaba con muchos pesos pesados del plantel, que terminaron march\u00e1ndose como\u00a0Enzo P\u00e9rez, Jonatan Maidana, Bruno Zuculini, Nicol\u00e1s de la Cruz y Mat\u00edas Su\u00e1rez.<\/p>\n\n\n\n<p>Este \u00faltimo rompi\u00f3 el silencio en el mediod\u00eda del viernes, y confes\u00f3 por qu\u00e9 tom\u00f3 la decisi\u00f3n de regresar a Belgrano de C\u00f3rdoba, su actual club, y c\u00f3mo se gest\u00f3 su salida de River.\u00a0\u201cSoy una agradecido del club, hasta el \u00faltimo d\u00eda me mandaron hasta tres veces el contrato mejorado para que yo siga pero tom\u00e9 la decisi\u00f3n. Fue muy personal, fue dif\u00edcil porque estaba muy c\u00f3modo, le tengo mucho cari\u00f1o al club, la gente me quer\u00eda mucho, el club me quer\u00eda mucho, me trataban bien. Pero fue una decisi\u00f3n dif\u00edcil, porque tambi\u00e9n sent\u00eda esa espina y esas ganas de volver por esa situaci\u00f3n que me hab\u00eda tocado vivir en C\u00f3rdoba con Belgrano, porque es el club en el que nac\u00ed y sent\u00eda que le deb\u00eda eso. En el \u00faltimo tiempo me sent\u00ed bien de la rodilla y decid\u00ed volver a Belgrano\u201d, se\u00f1al\u00f3 en di\u00e1logo con Dale al medio, programa de TyC Sports.<\/p>\n\n\n\n<p>\u201cEstoy agradecido a River que me espero hasta el \u00faltimo d\u00eda, llam\u00e9 a Mart\u00edn y le dije que daba un paso al costado y que la decisi\u00f3n m\u00eda era seguir ac\u00e1 en el club. Fue una decisi\u00f3n personal con mi familia y estoy muy feliz de volver a Belgrano en este momento que me siento bien\u201d, agreg\u00f3 Su\u00e1rez.<\/p>\n\n\n\n<p>Por otro lado, relev\u00f3 las charlas que mantuvo con Mart\u00edn Demichelis en los d\u00edas en los que defin\u00eda su salida. \u201cTuvimos varias charlas, mismo el \u00faltimo partido que jugamos la final en Santiago ah\u00ed tuve una linda charla con \u00e9l donde\u00a0aclaramos varias cosas que por ah\u00ed no estaba de acuerdo yo o no estaba de acuerdo \u00e9l, que nos pusimos de acuerdo. Yo en ese momento le dije que iba a seguir, luego me fui de vacaciones y tuve muchas charlas con mi familia e internamente conmigo mismo donde pensaba muchas cosas. Esa fue la decisi\u00f3n donde tuve la decisi\u00f3n de volver a este club que amo con todo mi coraz\u00f3n y de poder devolver todo lo lindo de cuando sal\u00ed ac\u00e1.\u00a0Le tengo mucho cari\u00f1o a River, fue una decisi\u00f3n muy dif\u00edcil porque viv\u00ed muchas cosas muy bonitas pero tambi\u00e9n ten\u00eda eso de querer venir ac\u00e1 y devolver eso lindo que viv\u00ed ac\u00e1\u201c, revel\u00f3.<\/p>\n","protected":false},"excerpt":{"rendered":"<p>Adem\u00e1s, el delantero de Belgrano relat\u00f3 como fue la \u201cdif\u00edcil decisi\u00f3n\u201d de dejar el Millonario para retornar al Pirata, donde inici\u00f3 su carrera futbol\u00edstica. El fin de a\u00f1o pasado fue un momento de depuraci\u00f3n del plantel de River. El equipo de Mart\u00edn Demichelis contaba con muchos pesos pesados del plantel, que terminaron march\u00e1ndose como\u00a0Enzo P\u00e9rez, [&hellip;]<\/p>\n","protected":false},"author":2,"featured_media":1261,"comment_status":"open","ping_status":"open","sticky":false,"template":"","format":"standard","meta":{"footnotes":""},"categories":[14],"tags":[],"_links":{"self":[{"href":"https:\/\/enlamira.info\/index.php\/wp-json\/wp\/v2\/posts\/1259"}],"collection":[{"href":"https:\/\/enlamira.info\/index.php\/wp-json\/wp\/v2\/posts"}],"about":[{"href":"https:\/\/enlamira.info\/index.php\/wp-json\/wp\/v2\/types\/post"}],"author":[{"embeddable":true,"href":"https:\/\/enlamira.info\/index.php\/wp-json\/wp\/v2\/users\/2"}],"replies":[{"embeddable":true,"href":"https:\/\/enlamira.info\/index.php\/wp-json\/wp\/v2\/comments?post=1259"}],"version-history":[{"count":2,"href":"https:\/\/enlamira.info\/index.php\/wp-json\/wp\/v2\/posts\/1259\/revisions"}],"predecessor-version":[{"id":1263,"href":"https:\/\/enlamira.info\/index.php\/wp-json\/wp\/v2\/posts\/1259\/revisions\/1263"}],"wp:featuredmedia":[{"embeddable":true,"href":"https:\/\/enlamira.info\/index.php\/wp-json\/wp\/v2\/media\/1261"}],"wp:attachment":[{"href":"https:\/\/enlamira.info\/index.php\/wp-json\/wp\/v2\/media?parent=1259"}],"wp:term":[{"taxonomy":"category","embeddable":true,"href":"https:\/\/enlamira.info\/index.php\/wp-json\/wp\/v2\/categories?post=1259"},{"taxonomy":"post_tag","embeddable":true,"href":"https:\/\/enlamira.info\/index.php\/wp-json\/wp\/v2\/tags?post=1259"}],"curies":[{"name":"wp","href":"https:\/\/api.w.org\/{rel}","templated":true}]}}