{"id":12538,"date":"2024-11-02T16:44:24","date_gmt":"2024-11-02T19:44:24","guid":{"rendered":"https:\/\/enlamira.info\/?p=12538"},"modified":"2024-11-02T16:51:47","modified_gmt":"2024-11-02T19:51:47","slug":"la-justicia-ordeno-levantar-la-clausura-sobre-la-obra-de-mercado-libre-en-la-matanza","status":"publish","type":"post","link":"https:\/\/enlamira.info\/index.php\/2024\/11\/02\/la-justicia-ordeno-levantar-la-clausura-sobre-la-obra-de-mercado-libre-en-la-matanza\/","title":{"rendered":"La Justicia orden\u00f3 levantar la clausura sobre la obra de Mercado Libre en La Matanza"},"content":{"rendered":"\n<p>Un tribunal dict\u00f3 una medida cautelar que favorece la posici\u00f3n de la empresa de Marcos Galper\u00edn en medio de la puja que mantiene con el intendente kirchnerista Fernando Espinoza.<\/p>\n\n\n\n<p>La\u00a0Justicia\u00a0dict\u00f3 esta semana una medida cautelar a trav\u00e9s de la cual se levanta la clausura municipal sobre una obra de\u00a0Mercado Libre\u00a0en el\u00a0Partido de La Matanza, municipio gobernado por el jefe comunal kirchnerista\u00a0Fernando Espinoza. El desarrollo en cuesti\u00f3n, una planta para deposito y log\u00edstica, tiene una inversi\u00f3n detr\u00e1s de 75 millones de d\u00f3lares. Desde\u00a0La Libertad Avanza, el partido del Gobierno, cuyos legisladores y militantes se movilizaron a dicha planta en construcci\u00f3n a favor de la empresa de\u00a0Marcos Galperin, celebraron la medida.<\/p>\n\n\n\n<p>El fallo fue dictado por el Juzgado Federal Civil Comercial y Contencioso Administrativo n\u00famero 1 de San Mart\u00edn, sin embargo, la decisi\u00f3n no implica un punto final al asunto, pues seg\u00fan lo establecido en la cautelar \u201cEn alg\u00fan momento habr\u00e1 una definici\u00f3n de la\u00a0Justicia\u00a0sobre cu\u00e1l es el alcance de los derechos de las partes, con la l\u00f3gica incidencia que esa decisi\u00f3n habr\u00e1 de derramar sobre el negocio jur\u00eddico que se trate, cuesti\u00f3n no menor que los contratantes deben conocer para evaluar el riesgo de la empresa que acometen\u201d. Asimismo, en el mismo texto, al que accedi\u00f3 La Naci\u00f3n, se pide no obstaculizar las obras que se lleven adelante de ahora en m\u00e1s.<\/p>\n\n\n\n<p>El centro de almacenamiento de\u00a0Mercado Libre, si bien se construye en\u00a0La Matanza, tiene lugar dentro del predio del Mercado Central, que se trata de un ente cogestionado por el Estado Nacional, la Ciudad Aut\u00f3noma de Buenos Aires y la Provincia de Buenos Aires. Pese a ello, desde la Municipalidad de\u00a0La Matanza\u00a0hicieron uso de recursos legales vali\u00e9ndose de que la obra tiene lugar, a fin de cuentas, dentro de dicho Estado local, y la clausuraron bajo la justificaci\u00f3n de que viola e incumple con procedimientos burocr\u00e1ticos. Se trat\u00f3 de una acci\u00f3n dotada de una fuerte connotaci\u00f3n pol\u00edtica que se inscribe en el hecho que\u00a0Galperin\u00a0es un empresario cercano al presidente Javier Milei.<\/p>\n\n\n\n<p>Como parte de este trasfondo pol\u00edtico detr\u00e1s del conflicto, el cual incluy\u00f3\u00a0un piquete en apoyo a la clausura liderado por la Uni\u00f3n de Trabajadores de la Econom\u00eda Popular de Juan Grabois,\u00a0La Libertad Avanza, a trav\u00e9s de legisladores y militantes, intervinieron activamente en el mismo al punto de dirigirse hacia el centro de distribuci\u00f3n en construcci\u00f3n para cortar las fajas de clausura que pusieron all\u00ed funcionarios del municipio gobernado por el intendente kirchnerista\u00a0Espinoza. Una vez confirmado el fallo, desde el partido del Gobierno de Milei lo festejaron como un triunfo y difundieron un comunicado en redes sociales.<\/p>\n\n\n\n<p>En el mensaje, la formaci\u00f3n pol\u00edtica de ultraderecha destac\u00f3: \u201cHoy estamos ante un cambio de visi\u00f3n de Argentina, donde la desburocratizaci\u00f3n, las desregulaciones y la libertad econ\u00f3mica y comercial son las banderas de este gobierno. Tenemos la profunda convicci\u00f3n de que solo as\u00ed se lograr\u00e1 la prosperidad de nuestro pa\u00eds\u201d.<\/p>\n\n\n\n<p>El nuevo centro de almacenamiento y distribuci\u00f3n contar\u00e1 con 56 mil metros cuadrados y permitir\u00e1 duplicar la capacidad de procesamiento de env\u00edos que realiza la compa\u00f1\u00eda, que pasar\u00e1 de 200 mil a 400 mil paquetes por d\u00eda. La inauguraci\u00f3n del nuevo inmueble est\u00e1 programada para fines de 2025 y se prev\u00e9 que, una vez en funcionamiento, cuente con la incorporaci\u00f3n de 2300 personas que se sumar\u00e1n a la plantilla total de 12 mil empleados que se desempe\u00f1an al d\u00eda de la fecha en\u00a0Mercado Libre.<\/p>\n","protected":false},"excerpt":{"rendered":"<p>Un tribunal dict\u00f3 una medida cautelar que favorece la posici\u00f3n de la empresa de Marcos Galper\u00edn en medio de la puja que mantiene con el intendente kirchnerista Fernando Espinoza. La\u00a0Justicia\u00a0dict\u00f3 esta semana una medida cautelar a trav\u00e9s de la cual se levanta la clausura municipal sobre una obra de\u00a0Mercado Libre\u00a0en el\u00a0Partido de La Matanza, municipio [&hellip;]<\/p>\n","protected":false},"author":2,"featured_media":12541,"comment_status":"open","ping_status":"open","sticky":false,"template":"","format":"standard","meta":{"footnotes":""},"categories":[126],"tags":[],"_links":{"self":[{"href":"https:\/\/enlamira.info\/index.php\/wp-json\/wp\/v2\/posts\/12538"}],"collection":[{"href":"https:\/\/enlamira.info\/index.php\/wp-json\/wp\/v2\/posts"}],"about":[{"href":"https:\/\/enlamira.info\/index.php\/wp-json\/wp\/v2\/types\/post"}],"author":[{"embeddable":true,"href":"https:\/\/enlamira.info\/index.php\/wp-json\/wp\/v2\/users\/2"}],"replies":[{"embeddable":true,"href":"https:\/\/enlamira.info\/index.php\/wp-json\/wp\/v2\/comments?post=12538"}],"version-history":[{"count":1,"href":"https:\/\/enlamira.info\/index.php\/wp-json\/wp\/v2\/posts\/12538\/revisions"}],"predecessor-version":[{"id":12539,"href":"https:\/\/enlamira.info\/index.php\/wp-json\/wp\/v2\/posts\/12538\/revisions\/12539"}],"wp:featuredmedia":[{"embeddable":true,"href":"https:\/\/enlamira.info\/index.php\/wp-json\/wp\/v2\/media\/12541"}],"wp:attachment":[{"href":"https:\/\/enlamira.info\/index.php\/wp-json\/wp\/v2\/media?parent=12538"}],"wp:term":[{"taxonomy":"category","embeddable":true,"href":"https:\/\/enlamira.info\/index.php\/wp-json\/wp\/v2\/categories?post=12538"},{"taxonomy":"post_tag","embeddable":true,"href":"https:\/\/enlamira.info\/index.php\/wp-json\/wp\/v2\/tags?post=12538"}],"curies":[{"name":"wp","href":"https:\/\/api.w.org\/{rel}","templated":true}]}}