{"id":12531,"date":"2024-11-01T21:16:06","date_gmt":"2024-11-02T00:16:06","guid":{"rendered":"https:\/\/enlamira.info\/?p=12531"},"modified":"2024-11-01T21:16:43","modified_gmt":"2024-11-02T00:16:43","slug":"el-gobierno-eliminara-la-base-de-datos-de-las-personas-que-adhirieron-al-blanqueo-de-capitales","status":"publish","type":"post","link":"https:\/\/enlamira.info\/index.php\/2024\/11\/01\/el-gobierno-eliminara-la-base-de-datos-de-las-personas-que-adhirieron-al-blanqueo-de-capitales\/","title":{"rendered":"El Gobierno eliminar\u00e1 la base de datos de las personas que adhirieron al blanqueo de capitales"},"content":{"rendered":"\n<p>La medida busca evitar futuros impuestos de otros gobiernos. Hasta ahora, m\u00e1s de 280 mil argentinos se sumaron al proceso.<\/p>\n\n\n\n<p>El presidente Javier Milei destac\u00f3 el \u201c\u00e9xito rotundo\u201d del blanqueo de capitales, con m\u00e1s de 18.000 millones de d\u00f3lares ingresados \u200b\u200ben efectivo, y confirm\u00f3 que\u00a0se trabaja para eliminar las bases de datos fiscales de quienes adhirieron a la medida. La intenci\u00f3n, seg\u00fan fuentes oficiales, ser\u00eda evitar futuros impuestos a las personas que regularizaron sus bienes, algo que el mandatario calific\u00f3 como parte del \u201cnuevo rumbo de la Argentina\u201d para devolver la confianza en el pa\u00eds.<\/p>\n\n\n\n<p>En redes sociales,\u00a0Milei\u00a0agradeci\u00f3 la participaci\u00f3n de los m\u00e1s de\u00a0280.000 argentinos que se sumaron al blanqueo\u00a0y anunci\u00f3 una extensi\u00f3n de la primera etapa hasta el 8 de noviembre. \u201cBaja la inflaci\u00f3n, baja la pobreza, baja el riesgo pa\u00eds, eliminamos regulaciones y por eso vuelve la confianza en Argentina, que est\u00e1 saliendo de la miseria que los zurdos empobrecedores nos dejaron\u201d, expres\u00f3 el Presidente.<\/p>\n\n\n\n<p>Este repunte en el blanqueo de capitales contribuy\u00f3 a un\u00a0r\u00e9cord hist\u00f3rico en los\u00a0dep\u00f3sitos\u00a0en d\u00f3lares del sector privado, que ya superan los 33.000 millones de d\u00f3lares. A inicios de 2024, el stock rondaba los 15.700 millones, por lo que la cifra actual refleja un aumento de m\u00e1s del doble en diez meses. Con esto, se super\u00f3 el pico de 2019, cuando los dep\u00f3sitos en d\u00f3lares alcanzaron los 32.570 millones antes de los retiros masivos posteriores a las elecciones primarias.<\/p>\n\n\n\n<p>Analistas de la firma Aurum se\u00f1alan que el mayor flujo de \u201cargend\u00f3lares\u201d \u2014fondos en d\u00f3lares de inversores argentinos\u2014 proviene de dep\u00f3sitos menores a un mill\u00f3n de d\u00f3lares, el segmento que m\u00e1s contribuy\u00f3 al blanqueo. Adem\u00e1s, el ingreso de divisas se increment\u00f3 conforme se acercaba el cierre de la primera etapa, sumando 514 millones el lunes y 836 millones el martes de esta semana.<\/p>\n\n\n\n<p>Con la reciente\u00a0pr\u00f3rroga hasta el 8 de noviembre, se prev\u00e9 que los dep\u00f3sitos en d\u00f3lares del sector privado contin\u00faen al alza, y seg\u00fan estimaciones de Portfolio Personal Inversiones (PPI), podr\u00edan superar los 34.000 millones de d\u00f3lares para esa fecha, reforzando el\u00a0optimismo\u00a0del Gobierno sobre los efectos de este r\u00e9gimen de regularizaci\u00f3n de activos.<\/p>\n","protected":false},"excerpt":{"rendered":"<p>La medida busca evitar futuros impuestos de otros gobiernos. Hasta ahora, m\u00e1s de 280 mil argentinos se sumaron al proceso. El presidente Javier Milei destac\u00f3 el \u201c\u00e9xito rotundo\u201d del blanqueo de capitales, con m\u00e1s de 18.000 millones de d\u00f3lares ingresados \u200b\u200ben efectivo, y confirm\u00f3 que\u00a0se trabaja para eliminar las bases de datos fiscales de quienes [&hellip;]<\/p>\n","protected":false},"author":2,"featured_media":12534,"comment_status":"open","ping_status":"open","sticky":false,"template":"","format":"standard","meta":{"footnotes":""},"categories":[20],"tags":[],"_links":{"self":[{"href":"https:\/\/enlamira.info\/index.php\/wp-json\/wp\/v2\/posts\/12531"}],"collection":[{"href":"https:\/\/enlamira.info\/index.php\/wp-json\/wp\/v2\/posts"}],"about":[{"href":"https:\/\/enlamira.info\/index.php\/wp-json\/wp\/v2\/types\/post"}],"author":[{"embeddable":true,"href":"https:\/\/enlamira.info\/index.php\/wp-json\/wp\/v2\/users\/2"}],"replies":[{"embeddable":true,"href":"https:\/\/enlamira.info\/index.php\/wp-json\/wp\/v2\/comments?post=12531"}],"version-history":[{"count":2,"href":"https:\/\/enlamira.info\/index.php\/wp-json\/wp\/v2\/posts\/12531\/revisions"}],"predecessor-version":[{"id":12533,"href":"https:\/\/enlamira.info\/index.php\/wp-json\/wp\/v2\/posts\/12531\/revisions\/12533"}],"wp:featuredmedia":[{"embeddable":true,"href":"https:\/\/enlamira.info\/index.php\/wp-json\/wp\/v2\/media\/12534"}],"wp:attachment":[{"href":"https:\/\/enlamira.info\/index.php\/wp-json\/wp\/v2\/media?parent=12531"}],"wp:term":[{"taxonomy":"category","embeddable":true,"href":"https:\/\/enlamira.info\/index.php\/wp-json\/wp\/v2\/categories?post=12531"},{"taxonomy":"post_tag","embeddable":true,"href":"https:\/\/enlamira.info\/index.php\/wp-json\/wp\/v2\/tags?post=12531"}],"curies":[{"name":"wp","href":"https:\/\/api.w.org\/{rel}","templated":true}]}}