{"id":1252,"date":"2024-03-16T14:22:53","date_gmt":"2024-03-16T17:22:53","guid":{"rendered":"https:\/\/enlamira.info\/?p=1252"},"modified":"2024-03-16T14:49:53","modified_gmt":"2024-03-16T17:49:53","slug":"otra-baja-de-ultimo-momento-en-la-seleccion-argentina-para-los-amistosos-en-estados-unidos","status":"publish","type":"post","link":"https:\/\/enlamira.info\/index.php\/2024\/03\/16\/otra-baja-de-ultimo-momento-en-la-seleccion-argentina-para-los-amistosos-en-estados-unidos\/","title":{"rendered":"Otra baja de \u00faltimo momento en la Selecci\u00f3n Argentina para los amistosos en Estados Unidos"},"content":{"rendered":"\n<p>Lionel Scaloni tiene un nuevo desafectado para los amistosos por lesi\u00f3n<\/p>\n\n\n\n<p>Malas noticias para\u00a0Lionel Scaloni\u00a0y la Selecci\u00f3n Argentina: nueva baja por lesi\u00f3n\u00a0en la lista de convocados a d\u00edas del pr\u00f3ximo par\u00f3n FIFA.<\/p>\n\n\n\n<p>El futbolista desafectado es\u00a0Paulo Dybala\u00a0por\u00a0\u201cuna peque\u00f1a lesi\u00f3n en el aductor de su pierna derecha\u201d, seg\u00fan inform\u00f3 Argentina en su cuenta oficial de X.<\/p>\n\n\n\n<p>El campe\u00f3n del mundo tiene dos encuentros amistosos en Estados Unidos ante El Salvador (22 de marzo) y Costa Rica (26 de marzo).<\/p>\n\n\n\n<p><em>La Joya<\/em>\u00a0es la segunda modificaci\u00f3n en la planilla original del t\u00e9cnico porque\u00a0Marco Senesi\u00a0(Bornemouth) anteriormente fue removido por lesi\u00f3n. En su lugar fue convocado el defensor de Boca Juniors,\u00a0Nicol\u00e1s Valentini.<\/p>\n\n\n\n<p>Adem\u00e1s de la mala racha del jugador de AS Roma en cuanto a lesiones,\u00a0la noticia se suma a la confirmaci\u00f3n de la lesi\u00f3n de Lionel Messi en Inter Miami.<\/p>\n\n\n\n<p>El club norteamericano detall\u00f3 las molestias del capit\u00e1n en un parte m\u00e9dico y adelant\u00f3 que no ser\u00e1 de la partida para el encuentro ante Washington DC por la MLS.<\/p>\n","protected":false},"excerpt":{"rendered":"<p>Lionel Scaloni tiene un nuevo desafectado para los amistosos por lesi\u00f3n Malas noticias para\u00a0Lionel Scaloni\u00a0y la Selecci\u00f3n Argentina: nueva baja por lesi\u00f3n\u00a0en la lista de convocados a d\u00edas del pr\u00f3ximo par\u00f3n FIFA. El futbolista desafectado es\u00a0Paulo Dybala\u00a0por\u00a0\u201cuna peque\u00f1a lesi\u00f3n en el aductor de su pierna derecha\u201d, seg\u00fan inform\u00f3 Argentina en su cuenta oficial de X. [&hellip;]<\/p>\n","protected":false},"author":2,"featured_media":1292,"comment_status":"open","ping_status":"open","sticky":false,"template":"","format":"standard","meta":{"footnotes":""},"categories":[14],"tags":[],"_links":{"self":[{"href":"https:\/\/enlamira.info\/index.php\/wp-json\/wp\/v2\/posts\/1252"}],"collection":[{"href":"https:\/\/enlamira.info\/index.php\/wp-json\/wp\/v2\/posts"}],"about":[{"href":"https:\/\/enlamira.info\/index.php\/wp-json\/wp\/v2\/types\/post"}],"author":[{"embeddable":true,"href":"https:\/\/enlamira.info\/index.php\/wp-json\/wp\/v2\/users\/2"}],"replies":[{"embeddable":true,"href":"https:\/\/enlamira.info\/index.php\/wp-json\/wp\/v2\/comments?post=1252"}],"version-history":[{"count":2,"href":"https:\/\/enlamira.info\/index.php\/wp-json\/wp\/v2\/posts\/1252\/revisions"}],"predecessor-version":[{"id":1254,"href":"https:\/\/enlamira.info\/index.php\/wp-json\/wp\/v2\/posts\/1252\/revisions\/1254"}],"wp:featuredmedia":[{"embeddable":true,"href":"https:\/\/enlamira.info\/index.php\/wp-json\/wp\/v2\/media\/1292"}],"wp:attachment":[{"href":"https:\/\/enlamira.info\/index.php\/wp-json\/wp\/v2\/media?parent=1252"}],"wp:term":[{"taxonomy":"category","embeddable":true,"href":"https:\/\/enlamira.info\/index.php\/wp-json\/wp\/v2\/categories?post=1252"},{"taxonomy":"post_tag","embeddable":true,"href":"https:\/\/enlamira.info\/index.php\/wp-json\/wp\/v2\/tags?post=1252"}],"curies":[{"name":"wp","href":"https:\/\/api.w.org\/{rel}","templated":true}]}}