{"id":1248,"date":"2024-03-16T14:21:48","date_gmt":"2024-03-16T17:21:48","guid":{"rendered":"https:\/\/enlamira.info\/?p=1248"},"modified":"2024-03-16T14:51:25","modified_gmt":"2024-03-16T17:51:25","slug":"el-conmovedor-mensaje-de-aliento-de-daniele-de-rossi-para-daniel-osvaldo","status":"publish","type":"post","link":"https:\/\/enlamira.info\/index.php\/2024\/03\/16\/el-conmovedor-mensaje-de-aliento-de-daniele-de-rossi-para-daniel-osvaldo\/","title":{"rendered":"El conmovedor mensaje de aliento de Daniele De Rossi para Daniel Osvaldo"},"content":{"rendered":"\n<p>El italo-argentino confes\u00f3 que su vida se le \u201cest\u00e1 yendo de las manos\u201d debido a una \u201cdepresi\u00f3n muy grande\u201d.<\/p>\n\n\n\n<p>En la previa del choque de AS Roma ante Sassuolo,\u00a0Daniele De Rossi le envi\u00f3 un conmovedor mensaje de aliento a su amigo Daniel Osvaldo.<\/p>\n\n\n\n<p>El italo-argentino hab\u00eda confesado d\u00edas atr\u00e1s en sus redes sociales que su vida se le \u201cest\u00e1 yendo de las manos\u201d debido a una \u201cdepresi\u00f3n muy grande\u201d.<\/p>\n\n\n\n<p>El t\u00e9cnico de&nbsp;<em>La Loba<\/em>&nbsp;asegur\u00f3 que est\u00e1 en contacto con&nbsp;<em>Danistone<\/em>: \u201cHablamos hace dos d\u00edas luego del partido contra la Fiorentina. Hay una relaci\u00f3n tan \u00edntima que preferir\u00eda no decir nada. Tambi\u00e9n porque no sab\u00eda nada, o mejor dicho, no lo sab\u00eda todo\u201d.<\/p>\n\n\n\n<p>\u201cSabe que siempre estar\u00e9 ah\u00ed para \u00e9l, como cuando \u00e9ramos compa\u00f1eros y como \u00e9l estuvo conmigo cuando me fui a Argentina. Y as\u00ed ser\u00e1 ahora\u201d, agreg\u00f3 el tano ex Boca Juniors.<\/p>\n\n\n\n<figure class=\"wp-block-embed is-type-rich is-provider-twitter wp-block-embed-twitter\"><div class=\"wp-block-embed__wrapper\">\n<blockquote class=\"twitter-tweet\" data-width=\"550\" data-dnt=\"true\"><p lang=\"es\" dir=\"ltr\">Daniele De Rossi habl\u00f3 de Daniel Osvaldo en medio de la conferencia de prensa de la Roma. <a href=\"https:\/\/t.co\/WgaeNvzWfw\">pic.twitter.com\/WgaeNvzWfw<\/a><\/p>&mdash; Fede Cristofanelli (@Cristoffede) <a href=\"https:\/\/twitter.com\/Cristoffede\/status\/1768644686250467678?ref_src=twsrc%5Etfw\">March 15, 2024<\/a><\/blockquote><script async src=\"https:\/\/platform.twitter.com\/widgets.js\" charset=\"utf-8\"><\/script>\n<\/div><\/figure>\n\n\n\n<p>Osvaldo conmocion\u00f3 a todos con su estado de salud: \u201cEstoy con tratamiento psiqui\u00e1trico. Tengo una enfermedad espec\u00edfica. Falta de autoestima, depresi\u00f3n. Muchas veces vuelvo a caer en mis adicciones. Caigo en la autodestrucci\u00f3n y eso destruye tambi\u00e9n a la gente a alrededor\u201d.<\/p>\n\n\n\n<p>Desde el\u00a0mundo del espect\u00e1culo\u00a0no se tomaron de igual forma el diagn\u00f3stico de Osvaldo debido a su\u00a0prontuario como padre y sus fallidas relaciones sentimentales.\u00a0<\/p>\n\n\n\n<p>La propia Jimena Bar\u00f3n, madre de su hijo Momo, se expres\u00f3 duramente en su cuenta de Instagram, pero las cr\u00edticas m\u00e1s resonantes fueron de Cinthia Fern\u00e1ndez.<\/p>\n","protected":false},"excerpt":{"rendered":"<p>El italo-argentino confes\u00f3 que su vida se le \u201cest\u00e1 yendo de las manos\u201d debido a una \u201cdepresi\u00f3n muy grande\u201d. En la previa del choque de AS Roma ante Sassuolo,\u00a0Daniele De Rossi le envi\u00f3 un conmovedor mensaje de aliento a su amigo Daniel Osvaldo. El italo-argentino hab\u00eda confesado d\u00edas atr\u00e1s en sus redes sociales que su [&hellip;]<\/p>\n","protected":false},"author":2,"featured_media":1294,"comment_status":"open","ping_status":"open","sticky":false,"template":"","format":"standard","meta":{"footnotes":""},"categories":[14],"tags":[],"_links":{"self":[{"href":"https:\/\/enlamira.info\/index.php\/wp-json\/wp\/v2\/posts\/1248"}],"collection":[{"href":"https:\/\/enlamira.info\/index.php\/wp-json\/wp\/v2\/posts"}],"about":[{"href":"https:\/\/enlamira.info\/index.php\/wp-json\/wp\/v2\/types\/post"}],"author":[{"embeddable":true,"href":"https:\/\/enlamira.info\/index.php\/wp-json\/wp\/v2\/users\/2"}],"replies":[{"embeddable":true,"href":"https:\/\/enlamira.info\/index.php\/wp-json\/wp\/v2\/comments?post=1248"}],"version-history":[{"count":2,"href":"https:\/\/enlamira.info\/index.php\/wp-json\/wp\/v2\/posts\/1248\/revisions"}],"predecessor-version":[{"id":1251,"href":"https:\/\/enlamira.info\/index.php\/wp-json\/wp\/v2\/posts\/1248\/revisions\/1251"}],"wp:featuredmedia":[{"embeddable":true,"href":"https:\/\/enlamira.info\/index.php\/wp-json\/wp\/v2\/media\/1294"}],"wp:attachment":[{"href":"https:\/\/enlamira.info\/index.php\/wp-json\/wp\/v2\/media?parent=1248"}],"wp:term":[{"taxonomy":"category","embeddable":true,"href":"https:\/\/enlamira.info\/index.php\/wp-json\/wp\/v2\/categories?post=1248"},{"taxonomy":"post_tag","embeddable":true,"href":"https:\/\/enlamira.info\/index.php\/wp-json\/wp\/v2\/tags?post=1248"}],"curies":[{"name":"wp","href":"https:\/\/api.w.org\/{rel}","templated":true}]}}