{"id":12458,"date":"2024-10-30T18:47:16","date_gmt":"2024-10-30T21:47:16","guid":{"rendered":"https:\/\/enlamira.info\/?p=12458"},"modified":"2024-10-30T18:56:05","modified_gmt":"2024-10-30T21:56:05","slug":"la-mesa-nacional-del-transporte-celebro-el-paro-y-apunto-a-milei-no-sabe-donde-se-esta-metiendo","status":"publish","type":"post","link":"https:\/\/enlamira.info\/index.php\/2024\/10\/30\/la-mesa-nacional-del-transporte-celebro-el-paro-y-apunto-a-milei-no-sabe-donde-se-esta-metiendo\/","title":{"rendered":"La Mesa Nacional del Transporte celebr\u00f3 el paro y apunt\u00f3 a Milei: \u201cNo sabe d\u00f3nde se est\u00e1 metiendo\u201d"},"content":{"rendered":"\n<p>En conferencia de prensa los titulares de los gremios que convocaron a la medida de fuerza por 24 horas, elogiaron el alto acatamiento y cuestionaron a la UTA por no adherirse.<\/p>\n\n\n\n<p>Los titulares de los gremios del transporte que convocaron a un paro por 24 horas, para este mi\u00e9rcoles, brindaron una conferencia de prensa en donde celebraron el alto acatamiento a la huelga y cuestionaron al presidente\u00a0Javier Milei,\u00a0por sus ataques contra los sindicatos y trabajadores.<\/p>\n\n\n\n<p>\u201cHoy se cumpli\u00f3 un d\u00eda importante para los trabajadores de transporte y para el trabajador com\u00fan.\u00a0Hoy vimos la diferencia de lo que queremos enfrentar al Gobierno en paz y en orden y los que quieren dialogar.\u00a0Se va a cumplir el paro de 24 horas\u201d, sostuvo el titular de La Fraternidad,\u00a0Omar Maturano\u00a0en el inicio de la conferencia de prensa.<\/p>\n\n\n\n<p>Otro de los integrantes de la\u00a0Mesa Nacional del Transporte,\u00a0Pablo Moyano\u00a0destac\u00f3: \u201cNo circularon aviones, barcos, trenes, subtes, camiones.\u00a0La gente se adhiri\u00f3 masivamente a la protesta.\u00a0Ac\u00e1 no se apret\u00f3 a nadie aunque por diferentes medios,\u00a0el Gobierno intent\u00f3 que no se llevara a cabo el paro.\u00a0Estamos defendiendo toda la movilidad de transporte\u201d.<\/p>\n\n\n\n<p>\u201cEl apoyo del 100% de todos los gremios de transporte que convocamos la medida de fuerza: no circularon aviones, barcos, trenes de subte, camiones, taxis\u201d, agreg\u00f3 el l\u00edder de\u00a0Camioneros. Aunque mencion\u00f3 que distinto fue en el caso \u201clamentablemente de los choferes de colectivos\u201d.<\/p>\n\n\n\n<p>Vale aclara que la\u00a0Uni\u00f3n Tranviarios Automotor\u00a0(UTA), no se pleg\u00f3 al paro nacional y dict\u00f3 una medida de fuerza para el jueves 31 en el\u00a0AMBA, pero esta tarde se re\u00fane con el Gobierno para intentar desactivar el paro de colectivos, bajo la promesa de una suba en el precio de los boletos.<\/p>\n\n\n\n<p>\u201cHoy vimos colectivos con 4, 5 o 6 personas.\u00a0La gente sali\u00f3 masivamente a bancar esta protesta, pero no se apret\u00f3 a nadie,\u00a0pese a que el Gobierno, con todo el aparato medi\u00e1tico, trat\u00f3 de que el paro no se lleve adelante\u201d, remarc\u00f3 el integrante de la\u00a0Confederaci\u00f3n General del Trabajo\u00a0(CGT).<\/p>\n\n\n\n<p>Por su parte, el titular de la\u00a0Asociaci\u00f3n de Pilotos de L\u00edneas A\u00e9reas\u00a0(APLA),\u00a0Pablo Bir\u00f3, cuestion\u00f3\u00a0al Gobierno\u00a0por el profundo proceso de ajuste que lleva adelante y advirti\u00f3: \u201cNo saben d\u00f3nde se est\u00e1n metiendo\u201d.<\/p>\n\n\n\n<p>\u201cNo tenemos producci\u00f3n de barcos, privatizan los trenes, las pymes quebradas.\u00a0\u00bfA d\u00f3nde nos quieren llevar? Los agravios hay que tomarlos de qui\u00e9n viene.\u00a0Es un honor que este Gobierno, que no tiene ninguna sensibilidad, me ataque a t\u00edtulo personal. Pero les digo que no soy cobarde\u201d, concluy\u00f3 el dirigente gremial.<\/p>\n","protected":false},"excerpt":{"rendered":"<p>En conferencia de prensa los titulares de los gremios que convocaron a la medida de fuerza por 24 horas, elogiaron el alto acatamiento y cuestionaron a la UTA por no adherirse. Los titulares de los gremios del transporte que convocaron a un paro por 24 horas, para este mi\u00e9rcoles, brindaron una conferencia de prensa en [&hellip;]<\/p>\n","protected":false},"author":2,"featured_media":12460,"comment_status":"open","ping_status":"open","sticky":false,"template":"","format":"standard","meta":{"footnotes":""},"categories":[20],"tags":[],"_links":{"self":[{"href":"https:\/\/enlamira.info\/index.php\/wp-json\/wp\/v2\/posts\/12458"}],"collection":[{"href":"https:\/\/enlamira.info\/index.php\/wp-json\/wp\/v2\/posts"}],"about":[{"href":"https:\/\/enlamira.info\/index.php\/wp-json\/wp\/v2\/types\/post"}],"author":[{"embeddable":true,"href":"https:\/\/enlamira.info\/index.php\/wp-json\/wp\/v2\/users\/2"}],"replies":[{"embeddable":true,"href":"https:\/\/enlamira.info\/index.php\/wp-json\/wp\/v2\/comments?post=12458"}],"version-history":[{"count":1,"href":"https:\/\/enlamira.info\/index.php\/wp-json\/wp\/v2\/posts\/12458\/revisions"}],"predecessor-version":[{"id":12459,"href":"https:\/\/enlamira.info\/index.php\/wp-json\/wp\/v2\/posts\/12458\/revisions\/12459"}],"wp:featuredmedia":[{"embeddable":true,"href":"https:\/\/enlamira.info\/index.php\/wp-json\/wp\/v2\/media\/12460"}],"wp:attachment":[{"href":"https:\/\/enlamira.info\/index.php\/wp-json\/wp\/v2\/media?parent=12458"}],"wp:term":[{"taxonomy":"category","embeddable":true,"href":"https:\/\/enlamira.info\/index.php\/wp-json\/wp\/v2\/categories?post=12458"},{"taxonomy":"post_tag","embeddable":true,"href":"https:\/\/enlamira.info\/index.php\/wp-json\/wp\/v2\/tags?post=12458"}],"curies":[{"name":"wp","href":"https:\/\/api.w.org\/{rel}","templated":true}]}}