{"id":1244,"date":"2024-03-16T14:20:29","date_gmt":"2024-03-16T17:20:29","guid":{"rendered":"https:\/\/enlamira.info\/?p=1244"},"modified":"2024-03-16T14:52:25","modified_gmt":"2024-03-16T17:52:25","slug":"novak-djokovic-no-jugara-el-miami-open-los-motivos-del-serbio","status":"publish","type":"post","link":"https:\/\/enlamira.info\/index.php\/2024\/03\/16\/novak-djokovic-no-jugara-el-miami-open-los-motivos-del-serbio\/","title":{"rendered":"Novak Djokovic no jugar\u00e1 el Miami Open: los motivos del serbio"},"content":{"rendered":"\n<p>El n\u00famero 1 del mundo comunic\u00f3 la decisi\u00f3n en sus redes sociales.<\/p>\n\n\n\n<p>Novak Djokovic anunci\u00f3 que no jugar\u00e1 el Miami Open 2024:\u00a0el forzado motivo explicado por \u00e9l mismo en sus redes sociales.<\/p>\n\n\n\n<p>El serbio lo adelant\u00f3 en X a una semana del arranque del certamen: \u201cLamentablemente no jugar\u00e9 el MiamiOpen este a\u00f1o\u201d. Y les habl\u00f3 especialmente a sus fans en Florida: \u201cLamento no poder conocer a algunos de los mejores y m\u00e1s apasionados fan\u00e1ticos del mundo. \u00a1Estoy buscando competir en MI en el futuro!\u201d<\/p>\n\n\n\n<p>La decisi\u00f3n de\u00a0<em>Nole<\/em>, de 36 a\u00f1os, tiene que ver con resguardar su f\u00edsico acortando la temporada: \u201cEn esta etapa de mi carrera, estoy equilibrando mi agenda privada y profesional\u201d.<\/p>\n\n\n\n<p>Djokovic viene de tener\u00a0una de las peores derrotas de su carrera,\u00a0nada m\u00e1s ni nada menos que en\u00a0Indian Wells: perdi\u00f3 en tercera ronda ante el italiano Luca Nardi, n\u00famero 123 del mundo.<\/p>\n\n\n\n<p>Despu\u00e9s del sorpresivo 6-4, 3-6 y 6-3, Nole fue autocr\u00edtico: \u201cSe mereci\u00f3 ganar. Me qued\u00e9 sorprendido con mi nivel. Mi nivel fue muy malo. Es as\u00ed. Se juntaron las dos cosas. \u00c9l tuvo un buen d\u00eda y yo tuve un mal d\u00eda y fue un resultado malo para m\u00ed\u201d.<\/p>\n\n\n\n<figure class=\"wp-block-embed is-type-rich is-provider-twitter wp-block-embed-twitter\"><div class=\"wp-block-embed__wrapper\">\n<blockquote class=\"twitter-tweet\" data-width=\"550\" data-dnt=\"true\"><p lang=\"en\" dir=\"ltr\">Hard to put this one in words \ud83d\ude0a<br><br>One day from leaving site, lucky loser Luca Nardi pulls off one of the most unlikely upsets in recent history by defeating Djokovic at Indian Wells!<a href=\"https:\/\/twitter.com\/hashtag\/TennisParadise?src=hash&amp;ref_src=twsrc%5Etfw\">#TennisParadise<\/a> <a href=\"https:\/\/t.co\/x6gqnZQOoB\">pic.twitter.com\/x6gqnZQOoB<\/a><\/p>&mdash; Tennis TV (@TennisTV) <a href=\"https:\/\/twitter.com\/TennisTV\/status\/1767393411252764705?ref_src=twsrc%5Etfw\">March 12, 2024<\/a><\/blockquote><script async src=\"https:\/\/platform.twitter.com\/widgets.js\" charset=\"utf-8\"><\/script>\n<\/div><\/figure>\n","protected":false},"excerpt":{"rendered":"<p>El n\u00famero 1 del mundo comunic\u00f3 la decisi\u00f3n en sus redes sociales. Novak Djokovic anunci\u00f3 que no jugar\u00e1 el Miami Open 2024:\u00a0el forzado motivo explicado por \u00e9l mismo en sus redes sociales. El serbio lo adelant\u00f3 en X a una semana del arranque del certamen: \u201cLamentablemente no jugar\u00e9 el MiamiOpen este a\u00f1o\u201d. Y les habl\u00f3 [&hellip;]<\/p>\n","protected":false},"author":2,"featured_media":1246,"comment_status":"open","ping_status":"open","sticky":false,"template":"","format":"standard","meta":{"footnotes":""},"categories":[14],"tags":[],"_links":{"self":[{"href":"https:\/\/enlamira.info\/index.php\/wp-json\/wp\/v2\/posts\/1244"}],"collection":[{"href":"https:\/\/enlamira.info\/index.php\/wp-json\/wp\/v2\/posts"}],"about":[{"href":"https:\/\/enlamira.info\/index.php\/wp-json\/wp\/v2\/types\/post"}],"author":[{"embeddable":true,"href":"https:\/\/enlamira.info\/index.php\/wp-json\/wp\/v2\/users\/2"}],"replies":[{"embeddable":true,"href":"https:\/\/enlamira.info\/index.php\/wp-json\/wp\/v2\/comments?post=1244"}],"version-history":[{"count":1,"href":"https:\/\/enlamira.info\/index.php\/wp-json\/wp\/v2\/posts\/1244\/revisions"}],"predecessor-version":[{"id":1245,"href":"https:\/\/enlamira.info\/index.php\/wp-json\/wp\/v2\/posts\/1244\/revisions\/1245"}],"wp:featuredmedia":[{"embeddable":true,"href":"https:\/\/enlamira.info\/index.php\/wp-json\/wp\/v2\/media\/1246"}],"wp:attachment":[{"href":"https:\/\/enlamira.info\/index.php\/wp-json\/wp\/v2\/media?parent=1244"}],"wp:term":[{"taxonomy":"category","embeddable":true,"href":"https:\/\/enlamira.info\/index.php\/wp-json\/wp\/v2\/categories?post=1244"},{"taxonomy":"post_tag","embeddable":true,"href":"https:\/\/enlamira.info\/index.php\/wp-json\/wp\/v2\/tags?post=1244"}],"curies":[{"name":"wp","href":"https:\/\/api.w.org\/{rel}","templated":true}]}}