{"id":12370,"date":"2024-10-28T21:38:11","date_gmt":"2024-10-29T00:38:11","guid":{"rendered":"https:\/\/enlamira.info\/?p=12370"},"modified":"2024-10-28T22:04:21","modified_gmt":"2024-10-29T01:04:21","slug":"roncero-exploto-con-la-noticia-de-vinicius-y-el-balon-de-oro-e-insolitamente-le-pego-a-messi","status":"publish","type":"post","link":"https:\/\/enlamira.info\/index.php\/2024\/10\/28\/roncero-exploto-con-la-noticia-de-vinicius-y-el-balon-de-oro-e-insolitamente-le-pego-a-messi\/","title":{"rendered":"Roncero explot\u00f3 con la noticia de Vinicius y el Bal\u00f3n de Oro e ins\u00f3litamente le peg\u00f3 a Messi"},"content":{"rendered":"\n<p>El periodista record\u00f3 la edici\u00f3n 2023 con una fuerte denuncia: \u201cHab\u00eda que regal\u00e1rselo a su santidad Leo Messi\u2026\u201d.<\/p>\n\n\n\n<p>Tom\u00e1s Roncero,\u00a0la br\u00fajula del Madridismo,\u00a0explot\u00f3 con la noticia de que\u00a0Vinicius Junior no ganar\u00e1 el Bal\u00f3n de Oro\u00a0y quedar\u00e1 en segundo lugar por detr\u00e1s de Rodri. Lo ins\u00f3lito fue que el periodista del\u00a0<em>Diario AS y El Chiringuito<\/em>\u00a0le peg\u00f3 a Lionel Messi.<\/p>\n\n\n\n<p>Horas antes de la\u00a0gala en Par\u00eds\u00a0se conoci\u00f3 la sorpresa del mediocampista del Manchester City y la Selecci\u00f3n Espa\u00f1ola: \u201cSe\u00f1ores,\u00a0parece que se confirma la fechoria, la barbaridad\u2026\u201d, comenz\u00f3 Roncero en un video publicado en sus redes sociales.<\/p>\n\n\n\n<p>No le quit\u00f3 m\u00e9ritos a su compatriota pero corrigi\u00f3:\u00a0\u201cRodri lo merec\u00eda el a\u00f1o pasado,\u00a0lo merec\u00eda con creces. Hab\u00eda ganado todo con el City. Hab\u00eda hecho un temporad\u00f3n, con Espa\u00f1a gan\u00f3 la Nations League y encima en la final de la Champions contra el Inter mete el gol de la victoria\u201d.<\/p>\n\n\n\n<p>\u201cPero claro, hab\u00eda que regal\u00e1rselo a su santidad Leo Messi\u2026\u201d, denunci\u00f3.<\/p>\n\n\n\n<figure class=\"wp-block-embed is-type-video is-provider-youtube wp-block-embed-youtube wp-embed-aspect-16-9 wp-has-aspect-ratio\"><div class=\"wp-block-embed__wrapper\">\n<iframe loading=\"lazy\" title=\"RONCERO explota al ENTERARSE de que VINICIUS NO ganar\u00e1 el BAL\u00d3N DE ORO\" width=\"640\" height=\"360\" src=\"https:\/\/www.youtube.com\/embed\/GNWkTdTX_as?feature=oembed\" frameborder=\"0\" allow=\"accelerometer; autoplay; clipboard-write; encrypted-media; gyroscope; picture-in-picture; web-share\" referrerpolicy=\"strict-origin-when-cross-origin\" allowfullscreen><\/iframe>\n<\/div><\/figure>\n\n\n\n<p>Roncero menospreci\u00f3 el Mundial de Qatar 2022 del astro argentino en el que fue campe\u00f3n, el cual por un tema de calendario entr\u00f3 en la edici\u00f3n del Bal\u00f3n de Oro 2023. \u201cSe ha ido a la MLS sin hacer ruido. Pero como es Messi buscaron:\u00a0\u2018Ah pero el a\u00f1o pasado hab\u00eda ganado el Mundial, una competici\u00f3n de 24 d\u00edas con seis penales a favor&#8217;\u201d, agreg\u00f3.<\/p>\n\n\n\n<p>En la gala pasada Lionel Messi gan\u00f3 su octavo Bal\u00f3n de Oro y se transform\u00f3 en el m\u00e1ximo ganador en la historia de dicha competici\u00f3n.<\/p>\n\n\n\n<figure class=\"wp-block-image size-full\"><img loading=\"lazy\" decoding=\"async\" width=\"720\" height=\"511\" src=\"https:\/\/enlamira.info\/wp-content\/uploads\/2024\/10\/image-19.png\" alt=\"\" class=\"wp-image-12371\" srcset=\"https:\/\/enlamira.info\/wp-content\/uploads\/2024\/10\/image-19.png 720w, https:\/\/enlamira.info\/wp-content\/uploads\/2024\/10\/image-19-300x213.png 300w\" sizes=\"(max-width: 720px) 100vw, 720px\" \/><\/figure>\n","protected":false},"excerpt":{"rendered":"<p>El periodista record\u00f3 la edici\u00f3n 2023 con una fuerte denuncia: \u201cHab\u00eda que regal\u00e1rselo a su santidad Leo Messi\u2026\u201d. Tom\u00e1s Roncero,\u00a0la br\u00fajula del Madridismo,\u00a0explot\u00f3 con la noticia de que\u00a0Vinicius Junior no ganar\u00e1 el Bal\u00f3n de Oro\u00a0y quedar\u00e1 en segundo lugar por detr\u00e1s de Rodri. Lo ins\u00f3lito fue que el periodista del\u00a0Diario AS y El Chiringuito\u00a0le peg\u00f3 [&hellip;]<\/p>\n","protected":false},"author":2,"featured_media":12373,"comment_status":"open","ping_status":"open","sticky":false,"template":"","format":"standard","meta":{"footnotes":""},"categories":[14],"tags":[],"_links":{"self":[{"href":"https:\/\/enlamira.info\/index.php\/wp-json\/wp\/v2\/posts\/12370"}],"collection":[{"href":"https:\/\/enlamira.info\/index.php\/wp-json\/wp\/v2\/posts"}],"about":[{"href":"https:\/\/enlamira.info\/index.php\/wp-json\/wp\/v2\/types\/post"}],"author":[{"embeddable":true,"href":"https:\/\/enlamira.info\/index.php\/wp-json\/wp\/v2\/users\/2"}],"replies":[{"embeddable":true,"href":"https:\/\/enlamira.info\/index.php\/wp-json\/wp\/v2\/comments?post=12370"}],"version-history":[{"count":1,"href":"https:\/\/enlamira.info\/index.php\/wp-json\/wp\/v2\/posts\/12370\/revisions"}],"predecessor-version":[{"id":12372,"href":"https:\/\/enlamira.info\/index.php\/wp-json\/wp\/v2\/posts\/12370\/revisions\/12372"}],"wp:featuredmedia":[{"embeddable":true,"href":"https:\/\/enlamira.info\/index.php\/wp-json\/wp\/v2\/media\/12373"}],"wp:attachment":[{"href":"https:\/\/enlamira.info\/index.php\/wp-json\/wp\/v2\/media?parent=12370"}],"wp:term":[{"taxonomy":"category","embeddable":true,"href":"https:\/\/enlamira.info\/index.php\/wp-json\/wp\/v2\/categories?post=12370"},{"taxonomy":"post_tag","embeddable":true,"href":"https:\/\/enlamira.info\/index.php\/wp-json\/wp\/v2\/tags?post=12370"}],"curies":[{"name":"wp","href":"https:\/\/api.w.org\/{rel}","templated":true}]}}