{"id":12266,"date":"2024-10-24T23:35:46","date_gmt":"2024-10-25T02:35:46","guid":{"rendered":"https:\/\/enlamira.info\/?p=12266"},"modified":"2024-10-24T23:48:23","modified_gmt":"2024-10-25T02:48:23","slug":"el-gobierno-anuncio-que-hay-un-descenso-sostenido-de-la-pobreza-desde-mitad-de-ano","status":"publish","type":"post","link":"https:\/\/enlamira.info\/index.php\/2024\/10\/24\/el-gobierno-anuncio-que-hay-un-descenso-sostenido-de-la-pobreza-desde-mitad-de-ano\/","title":{"rendered":"El Gobierno anunci\u00f3 que hay un \u201cdescenso sostenido de la pobreza\u201d desde mitad de a\u00f1o"},"content":{"rendered":"\n<p>Los datos provienen del Observatorio de la Deuda Social Argentina (ODSA) de la UCA. Seg\u00fan el Ministerio de Capital Humano, para 2025 los \u00edndices seguir\u00e1n disminuyendo.<\/p>\n\n\n\n<p>El Ministerio de Capital Humano, encabezado por Sandra Pettovello, anunci\u00f3 que desde el tercer trimestre de 2024 se registra un \u201cdescenso en los \u00edndices de la pobreza\u201d. Este cambio se dio tras haber alcanzado un \u201cm\u00e1ximo hist\u00f3rico\u201d en los primeros tres meses del a\u00f1o. Seg\u00fan el comunicado, las reformas estructurales del Gobierno est\u00e1n comenzando a mostrar resultados positivos en la econom\u00eda, destacando una mejor\u00eda en el poder adquisitivo de los sectores m\u00e1s vulnerables.Los informes en los que se basan estas afirmaciones provienen del Observatorio de la Deuda Social Argentina (ODSA) de la UCA y del econometrista Mart\u00edn Gonz\u00e1lez Rozada. Ambos coinciden en que las reformas implementadas, como la disciplina fiscal y la creaci\u00f3n de empleo genuino, est\u00e1n permitiendo que miles de familias superen el umbral de la pobreza. Adem\u00e1s, el control de la inflaci\u00f3n es se\u00f1alado como un factor clave en la recuperaci\u00f3n del poder adquisitivo.<\/p>\n\n\n\n<p>El Gobierno tambi\u00e9n ratific\u00f3 su compromiso de seguir fortaleciendo programas de asistencia como la Asignaci\u00f3n Universal por Hijo (AUH), la Tarjeta Alimentar y el Plan Progresar. \u201cCrearemos una base s\u00f3lida para que esta tendencia de reducci\u00f3n de la pobreza contin\u00fae\u201d, asegur\u00f3 el comunicado. Las proyecciones del Ministerio indican que para 2025 los \u00edndices de pobreza seguir\u00e1n disminuyendo gracias a las reformas en marcha.A pesar de las cifras alentadoras presentadas, los datos del INDEC revelan que la pobreza afect\u00f3 al 52,9% de la poblaci\u00f3n argentina en el primer semestre de 2024, lo que equivale a casi 25 millones de personas. Sin embargo, desde el Ejecutivo subrayaron que el mayor impacto ocurri\u00f3 al inicio del a\u00f1o, y que la tendencia hacia la baja se consolid\u00f3 a partir del segundo trimestre<\/p>\n\n\n\n<p><\/p>\n","protected":false},"excerpt":{"rendered":"<p>Los datos provienen del Observatorio de la Deuda Social Argentina (ODSA) de la UCA. Seg\u00fan el Ministerio de Capital Humano, para 2025 los \u00edndices seguir\u00e1n disminuyendo. El Ministerio de Capital Humano, encabezado por Sandra Pettovello, anunci\u00f3 que desde el tercer trimestre de 2024 se registra un \u201cdescenso en los \u00edndices de la pobreza\u201d. Este cambio [&hellip;]<\/p>\n","protected":false},"author":2,"featured_media":12268,"comment_status":"open","ping_status":"open","sticky":false,"template":"","format":"standard","meta":{"footnotes":""},"categories":[22],"tags":[],"_links":{"self":[{"href":"https:\/\/enlamira.info\/index.php\/wp-json\/wp\/v2\/posts\/12266"}],"collection":[{"href":"https:\/\/enlamira.info\/index.php\/wp-json\/wp\/v2\/posts"}],"about":[{"href":"https:\/\/enlamira.info\/index.php\/wp-json\/wp\/v2\/types\/post"}],"author":[{"embeddable":true,"href":"https:\/\/enlamira.info\/index.php\/wp-json\/wp\/v2\/users\/2"}],"replies":[{"embeddable":true,"href":"https:\/\/enlamira.info\/index.php\/wp-json\/wp\/v2\/comments?post=12266"}],"version-history":[{"count":1,"href":"https:\/\/enlamira.info\/index.php\/wp-json\/wp\/v2\/posts\/12266\/revisions"}],"predecessor-version":[{"id":12267,"href":"https:\/\/enlamira.info\/index.php\/wp-json\/wp\/v2\/posts\/12266\/revisions\/12267"}],"wp:featuredmedia":[{"embeddable":true,"href":"https:\/\/enlamira.info\/index.php\/wp-json\/wp\/v2\/media\/12268"}],"wp:attachment":[{"href":"https:\/\/enlamira.info\/index.php\/wp-json\/wp\/v2\/media?parent=12266"}],"wp:term":[{"taxonomy":"category","embeddable":true,"href":"https:\/\/enlamira.info\/index.php\/wp-json\/wp\/v2\/categories?post=12266"},{"taxonomy":"post_tag","embeddable":true,"href":"https:\/\/enlamira.info\/index.php\/wp-json\/wp\/v2\/tags?post=12266"}],"curies":[{"name":"wp","href":"https:\/\/api.w.org\/{rel}","templated":true}]}}