{"id":1224,"date":"2024-03-15T11:39:57","date_gmt":"2024-03-15T14:39:57","guid":{"rendered":"https:\/\/enlamira.info\/?p=1224"},"modified":"2024-03-15T11:46:31","modified_gmt":"2024-03-15T14:46:31","slug":"el-gobierno-creo-una-unidad-antimafia-que-combatira-el-narcotrafico-en-rosario","status":"publish","type":"post","link":"https:\/\/enlamira.info\/index.php\/2024\/03\/15\/el-gobierno-creo-una-unidad-antimafia-que-combatira-el-narcotrafico-en-rosario\/","title":{"rendered":"El Gobierno cre\u00f3 una \u201cunidad antimafia\u201d que combatir\u00e1 el narcotr\u00e1fico en Rosario"},"content":{"rendered":"\n<p>El plan estar\u00e1 bajo la \u00f3rbita del Ministerio de Seguridad comandado por Patricia Bullrich y contar\u00e1 con colaboraci\u00f3n del Ministerio P\u00fablico Fiscal.<\/p>\n\n\n\n<p>En medio de la crisis que atraviesa\u00a0Rosario\u00a0por la\u00a0violencia narco, el Gobierno nacional anunci\u00f3 que crear\u00e1 una\u00a0\u201cunidad antimafia\u201d\u00a0para combatir al crimen organizado. La resoluci\u00f3n fue tomada por el Ministerio de Seguridad a cargo de\u00a0Patricia Bullrich.<\/p>\n\n\n\n<p>El documento oficial expresa: \u201cSe crea la \u2018UNIDAD ANTIMAFIA\u2019 con el objeto de promover un abordaje integral y multiagencial en el combate del crimen organizado mafioso. Dicha UNIDAD contar\u00e1 con un\u00a0Grupo Especial de Investigaciones Antimafia (GEIA)\u00a0y una\u00a0Mesa De Evaluaci\u00f3n de la Criminalidad Organizada de la Acci\u00f3n Mafiosa (MECOAM) con la finalidad de fortalecer las acciones y estrategias de prevenci\u00f3n e investigaci\u00f3n\u201d.<\/p>\n\n\n\n<p>Este plan estar\u00e1 bajo la coordinaci\u00f3n de la Secretar\u00eda de Lucha Contra El Narco y la Criminalidad Organizada, dependiente del ministerio que comanda\u00a0Patricia Bullrich. Tambi\u00e9n se invitan a ser parte de la iniciativa a sectores dependientes del Ministerio P\u00fablico Fiscal.<\/p>\n\n\n\n<p>Esta decisi\u00f3n se suma a la\u00a0serie de medidas\u00a0que present\u00f3 el ministro de Justicia, Mariano C\u00faneo Libarona. El funcionario anunci\u00f3 la creaci\u00f3n de una comisi\u00f3n redactora para incorporar, en una eventual reforma del\u00a0C\u00f3digo Penal, \u201cnuevas conductas punibles y elevaci\u00f3n de las penas previstas para narcotr\u00e1fico, crimen organizado y delitos asociados\u201d.<\/p>\n","protected":false},"excerpt":{"rendered":"<p>El plan estar\u00e1 bajo la \u00f3rbita del Ministerio de Seguridad comandado por Patricia Bullrich y contar\u00e1 con colaboraci\u00f3n del Ministerio P\u00fablico Fiscal. En medio de la crisis que atraviesa\u00a0Rosario\u00a0por la\u00a0violencia narco, el Gobierno nacional anunci\u00f3 que crear\u00e1 una\u00a0\u201cunidad antimafia\u201d\u00a0para combatir al crimen organizado. La resoluci\u00f3n fue tomada por el Ministerio de Seguridad a cargo de\u00a0Patricia [&hellip;]<\/p>\n","protected":false},"author":2,"featured_media":1226,"comment_status":"open","ping_status":"open","sticky":false,"template":"","format":"standard","meta":{"footnotes":""},"categories":[20],"tags":[],"_links":{"self":[{"href":"https:\/\/enlamira.info\/index.php\/wp-json\/wp\/v2\/posts\/1224"}],"collection":[{"href":"https:\/\/enlamira.info\/index.php\/wp-json\/wp\/v2\/posts"}],"about":[{"href":"https:\/\/enlamira.info\/index.php\/wp-json\/wp\/v2\/types\/post"}],"author":[{"embeddable":true,"href":"https:\/\/enlamira.info\/index.php\/wp-json\/wp\/v2\/users\/2"}],"replies":[{"embeddable":true,"href":"https:\/\/enlamira.info\/index.php\/wp-json\/wp\/v2\/comments?post=1224"}],"version-history":[{"count":2,"href":"https:\/\/enlamira.info\/index.php\/wp-json\/wp\/v2\/posts\/1224\/revisions"}],"predecessor-version":[{"id":1227,"href":"https:\/\/enlamira.info\/index.php\/wp-json\/wp\/v2\/posts\/1224\/revisions\/1227"}],"wp:featuredmedia":[{"embeddable":true,"href":"https:\/\/enlamira.info\/index.php\/wp-json\/wp\/v2\/media\/1226"}],"wp:attachment":[{"href":"https:\/\/enlamira.info\/index.php\/wp-json\/wp\/v2\/media?parent=1224"}],"wp:term":[{"taxonomy":"category","embeddable":true,"href":"https:\/\/enlamira.info\/index.php\/wp-json\/wp\/v2\/categories?post=1224"},{"taxonomy":"post_tag","embeddable":true,"href":"https:\/\/enlamira.info\/index.php\/wp-json\/wp\/v2\/tags?post=1224"}],"curies":[{"name":"wp","href":"https:\/\/api.w.org\/{rel}","templated":true}]}}