{"id":12196,"date":"2024-10-23T13:33:18","date_gmt":"2024-10-23T16:33:18","guid":{"rendered":"https:\/\/enlamira.info\/?p=12196"},"modified":"2024-10-23T13:36:27","modified_gmt":"2024-10-23T16:36:27","slug":"avellaneda-sin-obras-consejo-escolar-reclama-por-banos-en-condiciones-vergonzosas","status":"publish","type":"post","link":"https:\/\/enlamira.info\/index.php\/2024\/10\/23\/avellaneda-sin-obras-consejo-escolar-reclama-por-banos-en-condiciones-vergonzosas\/","title":{"rendered":"Avellaneda sin obras: Consejo Escolar reclama por ba\u00f1os en condiciones vergonzosas"},"content":{"rendered":"\n<p>Consejera Escolar ironiza: \u201cIr al ba\u00f1o como en la \u00e9poca de las cavernas\u201d y lanza duras cr\u00edticas a Ferraresi y Kicillof<\/p>\n\n\n\n<p>Gabriela P\u00e9rez, consejera escolar de Avellaneda, reclama la falta de obras en las escuelas bajo la gesti\u00f3n de Jorge Ferraresi y el gobernador Axel Kicillof. Con tono ir\u00f3nico, expone la situaci\u00f3n en un video viral donde denuncia que ni siquiera hay presupuesto para ba\u00f1os en condiciones.<\/p>\n\n\n\n<p>En un video que r\u00e1pidamente se hizo viral, Gabriela P\u00e9rez, consejera escolar de Avellaneda, no se guard\u00f3 nada. Entre quejas y sarcasmo, relat\u00f3 c\u00f3mo la falta de obras la ha dejado literalmente cargando baldes de agua. &#8220;Ya no doy m\u00e1s del ci\u00e1tico&#8221;, dice en tono exasperado mientras se\u00f1ala la precariedad de las instalaciones escolares. \u201cEsto de ir al ba\u00f1o como en la \u00e9poca de las cavernas es una verg\u00fcenza\u201d, ironiza, dejando en claro su frustraci\u00f3n.<\/p>\n\n\n\n<figure class=\"wp-block-embed is-type-video is-provider-youtube wp-block-embed-youtube wp-embed-aspect-4-3 wp-has-aspect-ratio\"><div class=\"wp-block-embed__wrapper\">\n<iframe loading=\"lazy\" title=\"Avellaneda sin obras: Consejo Escolar reclama por ba\u00f1os en condiciones vergonzosas\" width=\"640\" height=\"480\" src=\"https:\/\/www.youtube.com\/embed\/sNveZk933o0?feature=oembed\" frameborder=\"0\" allow=\"accelerometer; autoplay; clipboard-write; encrypted-media; gyroscope; picture-in-picture; web-share\" referrerpolicy=\"strict-origin-when-cross-origin\" allowfullscreen><\/iframe>\n<\/div><\/figure>\n\n\n\n<p>P\u00e9rez, quien ocupa su solitaria banca PRO en el Consejo Escolar de Avellaneda, ha solicitado desde hace meses la reparaci\u00f3n de las instalaciones sin obtener respuesta. &#8220;Pido desde la soledad de mi bloque PRO en el Consejo Escolar de Avellaneda, no hay obras&#8221;, comenta, se\u00f1alando la inacci\u00f3n del intendente Jorge Ferraresi.<\/p>\n\n\n\n<p>Las respuestas de la gesti\u00f3n provincial no fueron m\u00e1s alentadoras. Seg\u00fan P\u00e9rez, desde el gobierno de Axel Kicillof la respuesta fue clara: &#8220;No hay plata&#8221;. Una frase que parece haber sido el lema oficial para justificar la par\u00e1lisis en infraestructura escolar.<\/p>\n\n\n\n<p>Mientras tanto, Gabriela P\u00e9rez sigue cargando baldes y lamentando que la modernizaci\u00f3n en Avellaneda parece haberse detenido. &#8220;Es incre\u00edble que estemos en 2024 y todav\u00eda tengamos que lidiar con estos problemas b\u00e1sicos. Esto no es educaci\u00f3n digna, esto es retroceder siglos&#8221;, sentenci\u00f3 al final del video.<\/p>\n","protected":false},"excerpt":{"rendered":"<p>Consejera Escolar ironiza: \u201cIr al ba\u00f1o como en la \u00e9poca de las cavernas\u201d y lanza duras cr\u00edticas a Ferraresi y Kicillof Gabriela P\u00e9rez, consejera escolar de Avellaneda, reclama la falta de obras en las escuelas bajo la gesti\u00f3n de Jorge Ferraresi y el gobernador Axel Kicillof. Con tono ir\u00f3nico, expone la situaci\u00f3n en un video [&hellip;]<\/p>\n","protected":false},"author":2,"featured_media":12198,"comment_status":"open","ping_status":"open","sticky":false,"template":"","format":"standard","meta":{"footnotes":""},"categories":[1,20,5],"tags":[500,504,501,224,502,503],"_links":{"self":[{"href":"https:\/\/enlamira.info\/index.php\/wp-json\/wp\/v2\/posts\/12196"}],"collection":[{"href":"https:\/\/enlamira.info\/index.php\/wp-json\/wp\/v2\/posts"}],"about":[{"href":"https:\/\/enlamira.info\/index.php\/wp-json\/wp\/v2\/types\/post"}],"author":[{"embeddable":true,"href":"https:\/\/enlamira.info\/index.php\/wp-json\/wp\/v2\/users\/2"}],"replies":[{"embeddable":true,"href":"https:\/\/enlamira.info\/index.php\/wp-json\/wp\/v2\/comments?post=12196"}],"version-history":[{"count":1,"href":"https:\/\/enlamira.info\/index.php\/wp-json\/wp\/v2\/posts\/12196\/revisions"}],"predecessor-version":[{"id":12197,"href":"https:\/\/enlamira.info\/index.php\/wp-json\/wp\/v2\/posts\/12196\/revisions\/12197"}],"wp:featuredmedia":[{"embeddable":true,"href":"https:\/\/enlamira.info\/index.php\/wp-json\/wp\/v2\/media\/12198"}],"wp:attachment":[{"href":"https:\/\/enlamira.info\/index.php\/wp-json\/wp\/v2\/media?parent=12196"}],"wp:term":[{"taxonomy":"category","embeddable":true,"href":"https:\/\/enlamira.info\/index.php\/wp-json\/wp\/v2\/categories?post=12196"},{"taxonomy":"post_tag","embeddable":true,"href":"https:\/\/enlamira.info\/index.php\/wp-json\/wp\/v2\/tags?post=12196"}],"curies":[{"name":"wp","href":"https:\/\/api.w.org\/{rel}","templated":true}]}}