{"id":1216,"date":"2024-03-15T11:37:45","date_gmt":"2024-03-15T14:37:45","guid":{"rendered":"https:\/\/enlamira.info\/?p=1216"},"modified":"2024-03-15T11:48:45","modified_gmt":"2024-03-15T14:48:45","slug":"san-isidro-un-empresario-de-65-anos-fue-hallado-maniatado-y-sin-vida-en-su-casa","status":"publish","type":"post","link":"https:\/\/enlamira.info\/index.php\/2024\/03\/15\/san-isidro-un-empresario-de-65-anos-fue-hallado-maniatado-y-sin-vida-en-su-casa\/","title":{"rendered":"San Isidro: un empresario de 65 a\u00f1os fue hallado maniatado y sin vida en su casa"},"content":{"rendered":"\n<p>Un amigo de la v\u00edctima encontr\u00f3 el cadaver y afirm\u00f3: \u201cAyer hablamos con \u00e9l normalmente. Hoy no contestaba WhatsApp y llamadas\u201d.<\/p>\n\n\n\n<p>El cadaver de un\u00a0empresario\u00a0del rubro inmobiliario fue hallado en una casa ubicada en la intersecci\u00f3n de Obispo Terrero y San Jos\u00e9, en la\u00a0localidad bonaerense\u00a0de\u00a0San Isidro. El cuerpo del hombre de 65 a\u00f1os\u00a0estaba atado de pies y manos\u00a0y fue encontrado por sus amigos, quienes se aproximaron al lugar tras no tener respuestas de \u00e9l.<\/p>\n\n\n\n<p>La v\u00edctima fatal fue identificada como Jorge Enrique De Marco. Un amigo personal que contaba con una copia de la llave de la casa fue a buscarlo y lo encontr\u00f3 sin vida en la planta alta. El lugar estaba revuelto y el cuerpo del empresario maniatado.<\/p>\n\n\n\n<p>El amigo que encontr\u00f3 el cadaver expres\u00f3: \u201cAyer hablamos con \u00e9l normalmente. Hoy no contestaba WhatsApp y llamadas\u00a0y, con otros amigos, nos pusimos de acuerdo y vinimos al mediod\u00eda. Yo era el \u00fanico que ten\u00eda llave. \u00c9l viv\u00eda solo. Entramos y encontramos la escena de un homicidio\u201d.<\/p>\n\n\n\n<p>\u201cHasta las 23 estuve en contacto.\u00a0Parece que fue un robo. Nos criamos juntos. Somos como hermanos\u201d, agreg\u00f3 entre l\u00e1grimas en di\u00e1logo con\u00a0<em>TN<\/em>. La investigaci\u00f3n qued\u00f3 en manos de la fiscal Carolina Asprella, del departamento judicial de San Isidro.<\/p>\n","protected":false},"excerpt":{"rendered":"<p>Un amigo de la v\u00edctima encontr\u00f3 el cadaver y afirm\u00f3: \u201cAyer hablamos con \u00e9l normalmente. Hoy no contestaba WhatsApp y llamadas\u201d. El cadaver de un\u00a0empresario\u00a0del rubro inmobiliario fue hallado en una casa ubicada en la intersecci\u00f3n de Obispo Terrero y San Jos\u00e9, en la\u00a0localidad bonaerense\u00a0de\u00a0San Isidro. El cuerpo del hombre de 65 a\u00f1os\u00a0estaba atado de [&hellip;]<\/p>\n","protected":false},"author":2,"featured_media":1218,"comment_status":"open","ping_status":"open","sticky":false,"template":"","format":"standard","meta":{"footnotes":""},"categories":[32],"tags":[],"_links":{"self":[{"href":"https:\/\/enlamira.info\/index.php\/wp-json\/wp\/v2\/posts\/1216"}],"collection":[{"href":"https:\/\/enlamira.info\/index.php\/wp-json\/wp\/v2\/posts"}],"about":[{"href":"https:\/\/enlamira.info\/index.php\/wp-json\/wp\/v2\/types\/post"}],"author":[{"embeddable":true,"href":"https:\/\/enlamira.info\/index.php\/wp-json\/wp\/v2\/users\/2"}],"replies":[{"embeddable":true,"href":"https:\/\/enlamira.info\/index.php\/wp-json\/wp\/v2\/comments?post=1216"}],"version-history":[{"count":1,"href":"https:\/\/enlamira.info\/index.php\/wp-json\/wp\/v2\/posts\/1216\/revisions"}],"predecessor-version":[{"id":1217,"href":"https:\/\/enlamira.info\/index.php\/wp-json\/wp\/v2\/posts\/1216\/revisions\/1217"}],"wp:featuredmedia":[{"embeddable":true,"href":"https:\/\/enlamira.info\/index.php\/wp-json\/wp\/v2\/media\/1218"}],"wp:attachment":[{"href":"https:\/\/enlamira.info\/index.php\/wp-json\/wp\/v2\/media?parent=1216"}],"wp:term":[{"taxonomy":"category","embeddable":true,"href":"https:\/\/enlamira.info\/index.php\/wp-json\/wp\/v2\/categories?post=1216"},{"taxonomy":"post_tag","embeddable":true,"href":"https:\/\/enlamira.info\/index.php\/wp-json\/wp\/v2\/tags?post=1216"}],"curies":[{"name":"wp","href":"https:\/\/api.w.org\/{rel}","templated":true}]}}