{"id":1212,"date":"2024-03-15T11:36:41","date_gmt":"2024-03-15T14:36:41","guid":{"rendered":"https:\/\/enlamira.info\/?p=1212"},"modified":"2024-03-15T11:49:51","modified_gmt":"2024-03-15T14:49:51","slug":"uno-por-uno-como-voto-cada-senador-el-dnu-de-milei","status":"publish","type":"post","link":"https:\/\/enlamira.info\/index.php\/2024\/03\/15\/uno-por-uno-como-voto-cada-senador-el-dnu-de-milei\/","title":{"rendered":"Uno por uno, c\u00f3mo vot\u00f3 cada senador el DNU de Milei"},"content":{"rendered":"\n<p>La votaci\u00f3n en la C\u00e1mara Alta termin\u00f3 con 42 votos en contra y 25 a favor. Hubo 4 abstenciones.<\/p>\n\n\n\n<p>La\u00a0intensa jornada de este jueves en el Senado de la Naci\u00f3n\u00a0en la que se\u00a0rechaz\u00f3 el DNU de\u00a0Javier Milei\u00a0enfrent\u00f3 no solo a los diferentes bloques sino que en algunos tambi\u00e9n hubo quiebres internos.<\/p>\n\n\n\n<h3 class=\"wp-block-heading\">Rechazado por<strong>&nbsp;42 votos en contra y 25 a favor<\/strong>, as\u00ed vot\u00f3 cada senador:<\/h3>\n\n\n\n<p><strong>La Libertad Avanza<\/strong>, todos a favor (6): Ivanna Arrascaeta, Ezequiel Atauche, Vilma Bedia, Bruno Lucero, Juan Carlos Pagotto y Francisco Paoltroni.<\/p>\n\n\n\n<p><strong>Frente Nacional y Popular<\/strong>, todos en contra (17): Guillermo Andrada, Daniel Bensus\u00e1n, Luc\u00eda Corpacci, Mar\u00eda Teresa Gonz\u00e1lez, Claudia Ledesma de Abdala, Marcelo Lewandowski, Mar\u00eda Florencia L\u00f3pez, Juan Luis Manzur, Jos\u00e9 Mayans, Sandra Mendoza, Gerardo Montenegro, Jos\u00e9 Neder, Mar\u00eda In\u00e9s Pilatti Vergara, Mariano Recalde, Jes\u00fas Rejal, Antonio Rodas y Sergio U\u00f1ac.<\/p>\n\n\n\n<p><strong>Unidad Ciudadana<\/strong>, todos en contra (16): Eduardo \u201cWado\u201d De Pedro, Juliana Di Tullio, Claudio Do\u00f1ate, Mar\u00eda Eugenia Dur\u00e9, Anabel Fern\u00e1ndez Sagasti, Silvina Garc\u00eda Larraburu, Nora del Valle Gim\u00e9nez, Mar\u00eda Celeste Gim\u00e9nez Navarro, Alicia Kirchner, Sergio Leavy, Carlos Linares, C\u00e1ndida L\u00f3pez, Mar\u00eda Moises, Oscar Parrilli, Fernando Salino y Silvia Sapag.<\/p>\n\n\n\n<p><strong>PRO<\/strong>, todos a favor (6): Carmen Rivero, Alfredo De Angeli, Enrique Goerling Lara, Mar\u00eda Victoria Huala, Luis Juez y Guadalupe Tagliaferri.<\/p>\n\n\n\n<p><strong>Uni\u00f3n C\u00edvica Radical&nbsp;<\/strong>(10 a favor, 2 en contra y 1 abstenci\u00f3n): Maximiliano Abad (abstenci\u00f3n), Pablo Daniel Blanco (en contra), Flavio Fama (a favor), Eduardo Galaretto (a favor), Mariana Juri (a favor), Daniel Kronenberg (a favor), Carolina Losada (a favor), Mart\u00edn Lousteau (en contra), Stella Maris Olalla de Moreira (a favor), Rodolfo Su\u00e1rez (a favor), Mercedes Valenzuela (a favor), Eduardo Vischi (a favor) y V\u00edctor Zimmerman (a favor).<\/p>\n\n\n\n<p><strong>Unidad Federal&nbsp;<\/strong>(2 en contra y 1 abstenci\u00f3n): Carlos Esp\u00ednola y Edgardo Dar\u00edo Kueider, en contra; y Alejandra Vigo, abstenci\u00f3n.<\/p>\n\n\n\n<p><strong>Cambio Federal&nbsp;<\/strong>(2 a favor y 1 en contra): Andrea Cristina (a favor), Juan Carlos Romero (a favor) y Edith Terenzi (en contra).<\/p>\n\n\n\n<p><strong>Frente Renovador de la Concordia Social<\/strong>, abstenciones (2): Carlos Arce y Sonia Rojas Decut.<\/p>\n\n\n\n<p><strong>Juntos Somos R\u00edo Negro<\/strong>, en contra (1): M\u00f3nica Silva.<\/p>\n\n\n\n<p><strong>Por la Justicia Social,\u00a0<\/strong>a favor (1): Beatriz \u00c1vila.<\/p>\n\n\n\n<figure class=\"wp-block-image size-full\"><img loading=\"lazy\" decoding=\"async\" width=\"741\" height=\"458\" src=\"https:\/\/enlamira.info\/wp-content\/uploads\/2024\/03\/image-16.png\" alt=\"\" class=\"wp-image-1213\" srcset=\"https:\/\/enlamira.info\/wp-content\/uploads\/2024\/03\/image-16.png 741w, https:\/\/enlamira.info\/wp-content\/uploads\/2024\/03\/image-16-300x185.png 300w\" sizes=\"(max-width: 741px) 100vw, 741px\" \/><\/figure>\n","protected":false},"excerpt":{"rendered":"<p>La votaci\u00f3n en la C\u00e1mara Alta termin\u00f3 con 42 votos en contra y 25 a favor. Hubo 4 abstenciones. La\u00a0intensa jornada de este jueves en el Senado de la Naci\u00f3n\u00a0en la que se\u00a0rechaz\u00f3 el DNU de\u00a0Javier Milei\u00a0enfrent\u00f3 no solo a los diferentes bloques sino que en algunos tambi\u00e9n hubo quiebres internos. Rechazado por&nbsp;42 votos en [&hellip;]<\/p>\n","protected":false},"author":2,"featured_media":1215,"comment_status":"open","ping_status":"open","sticky":false,"template":"","format":"standard","meta":{"footnotes":""},"categories":[20],"tags":[],"_links":{"self":[{"href":"https:\/\/enlamira.info\/index.php\/wp-json\/wp\/v2\/posts\/1212"}],"collection":[{"href":"https:\/\/enlamira.info\/index.php\/wp-json\/wp\/v2\/posts"}],"about":[{"href":"https:\/\/enlamira.info\/index.php\/wp-json\/wp\/v2\/types\/post"}],"author":[{"embeddable":true,"href":"https:\/\/enlamira.info\/index.php\/wp-json\/wp\/v2\/users\/2"}],"replies":[{"embeddable":true,"href":"https:\/\/enlamira.info\/index.php\/wp-json\/wp\/v2\/comments?post=1212"}],"version-history":[{"count":1,"href":"https:\/\/enlamira.info\/index.php\/wp-json\/wp\/v2\/posts\/1212\/revisions"}],"predecessor-version":[{"id":1214,"href":"https:\/\/enlamira.info\/index.php\/wp-json\/wp\/v2\/posts\/1212\/revisions\/1214"}],"wp:featuredmedia":[{"embeddable":true,"href":"https:\/\/enlamira.info\/index.php\/wp-json\/wp\/v2\/media\/1215"}],"wp:attachment":[{"href":"https:\/\/enlamira.info\/index.php\/wp-json\/wp\/v2\/media?parent=1212"}],"wp:term":[{"taxonomy":"category","embeddable":true,"href":"https:\/\/enlamira.info\/index.php\/wp-json\/wp\/v2\/categories?post=1212"},{"taxonomy":"post_tag","embeddable":true,"href":"https:\/\/enlamira.info\/index.php\/wp-json\/wp\/v2\/tags?post=1212"}],"curies":[{"name":"wp","href":"https:\/\/api.w.org\/{rel}","templated":true}]}}