{"id":1207,"date":"2024-03-15T11:34:54","date_gmt":"2024-03-15T14:34:54","guid":{"rendered":"https:\/\/enlamira.info\/?p=1207"},"modified":"2024-03-15T11:51:20","modified_gmt":"2024-03-15T14:51:20","slug":"la-herencia-de-la-inseguridad-k-el-64-de-los-chalecos-antibalas-de-las-fuerzas-estan-vencidos","status":"publish","type":"post","link":"https:\/\/enlamira.info\/index.php\/2024\/03\/15\/la-herencia-de-la-inseguridad-k-el-64-de-los-chalecos-antibalas-de-las-fuerzas-estan-vencidos\/","title":{"rendered":"La herencia de la inseguridad K: el 64% de los chalecos antibalas de las fuerzas est\u00e1n vencidos"},"content":{"rendered":"\n<p>El dato se desprende de una auditoria realizada por el Ministerio de Seguridad. Adem\u00e1s, 23 de las 24 aeronaves que tiene la Gendarmer\u00eda no funcionan.<\/p>\n\n\n\n<p>En\u00a0pleno conflicto en la ciudad de Rosario contra la violencia narco, se devel\u00f3 un\u00a0alarmante informe del\u00a0Ministerio de Seguridad\u00a0que da cuenta del estado general de las fuerzas de seguridad.<\/p>\n\n\n\n<p>Entre los datos que se conocieron,\u00a0de los 76.812 chalecos antibala\u00a0que poseen la Gendarmer\u00eda, la Prefectura Naval Argentina (PNA), la Polic\u00eda de Seguridad Aeroportuaria (PSA) y la Polic\u00eda Federal Argentina,\u00a049.159 est\u00e1n vencidos, lo que significa un\u00a064% del total.<\/p>\n\n\n\n<p>Otro de dato alarmante es en cuanto a los veh\u00edculos.\u00a0De 2240 autos, 828 no se pueden usar\u00a0en la actualidad -el 37 por ciento-, y la mitad supera los\u00a015 a\u00f1os de antig\u00fcedad.<\/p>\n\n\n\n<p>Entre las\u00a0camionetas, la cifra de veh\u00edculos parados asciende\u00a0al 42 por ciento\u00a0y en cuanto a las\u00a0motocicletas, al 49.<\/p>\n\n\n\n<p>Tampoco hay buenas noticias en cuanto a las\u00a0aeronaves, ya que seg\u00fan el informe dado a conocer por<em>\u00a0TN<\/em>,\u00a0de las 24 que posee Gendarmer\u00eda, 23 no funcionan. La Prefectura Naval Argentina tiene\u00a027 pero 16 est\u00e1n fuera de servicio. La Polic\u00eda Federal, por su parte,\u00a0tiene 13 de las cuales 6\u00a0que no pueden operar.<\/p>\n\n\n\n<p>En cuanto a los\u00a0barcos, en total, las fuerzas federales tienen\u00a01037, pero\u00a0435\u00a0no puede utilizarse, es decir, el\u00a042 por ciento.<\/p>\n","protected":false},"excerpt":{"rendered":"<p>El dato se desprende de una auditoria realizada por el Ministerio de Seguridad. Adem\u00e1s, 23 de las 24 aeronaves que tiene la Gendarmer\u00eda no funcionan. En\u00a0pleno conflicto en la ciudad de Rosario contra la violencia narco, se devel\u00f3 un\u00a0alarmante informe del\u00a0Ministerio de Seguridad\u00a0que da cuenta del estado general de las fuerzas de seguridad. Entre los [&hellip;]<\/p>\n","protected":false},"author":2,"featured_media":1209,"comment_status":"open","ping_status":"open","sticky":false,"template":"","format":"standard","meta":{"footnotes":""},"categories":[20],"tags":[],"_links":{"self":[{"href":"https:\/\/enlamira.info\/index.php\/wp-json\/wp\/v2\/posts\/1207"}],"collection":[{"href":"https:\/\/enlamira.info\/index.php\/wp-json\/wp\/v2\/posts"}],"about":[{"href":"https:\/\/enlamira.info\/index.php\/wp-json\/wp\/v2\/types\/post"}],"author":[{"embeddable":true,"href":"https:\/\/enlamira.info\/index.php\/wp-json\/wp\/v2\/users\/2"}],"replies":[{"embeddable":true,"href":"https:\/\/enlamira.info\/index.php\/wp-json\/wp\/v2\/comments?post=1207"}],"version-history":[{"count":2,"href":"https:\/\/enlamira.info\/index.php\/wp-json\/wp\/v2\/posts\/1207\/revisions"}],"predecessor-version":[{"id":1211,"href":"https:\/\/enlamira.info\/index.php\/wp-json\/wp\/v2\/posts\/1207\/revisions\/1211"}],"wp:featuredmedia":[{"embeddable":true,"href":"https:\/\/enlamira.info\/index.php\/wp-json\/wp\/v2\/media\/1209"}],"wp:attachment":[{"href":"https:\/\/enlamira.info\/index.php\/wp-json\/wp\/v2\/media?parent=1207"}],"wp:term":[{"taxonomy":"category","embeddable":true,"href":"https:\/\/enlamira.info\/index.php\/wp-json\/wp\/v2\/categories?post=1207"},{"taxonomy":"post_tag","embeddable":true,"href":"https:\/\/enlamira.info\/index.php\/wp-json\/wp\/v2\/tags?post=1207"}],"curies":[{"name":"wp","href":"https:\/\/api.w.org\/{rel}","templated":true}]}}