{"id":12029,"date":"2024-10-17T22:25:20","date_gmt":"2024-10-18T01:25:20","guid":{"rendered":"https:\/\/enlamira.info\/?p=12029"},"modified":"2024-10-17T22:25:20","modified_gmt":"2024-10-18T01:25:20","slug":"fernandez-es-el-nuevo-presidente-de-la-ucr-bonaerense","status":"publish","type":"post","link":"https:\/\/enlamira.info\/index.php\/2024\/10\/17\/fernandez-es-el-nuevo-presidente-de-la-ucr-bonaerense\/","title":{"rendered":"Fern\u00e1ndez es el nuevo presidente de la UCR bonaerense"},"content":{"rendered":"\n<p>Es oficial: se ratific\u00f3 el triunfo en el escrutinio definitivo de la f\u00f3rmula Miguel Fern\u00e1ndez-Elsa Llenderrozas en el Comit\u00e9 Provincial de la UCR<\/p>\n\n\n\n<p>La Junta Electoral partidaria ratific\u00f3 que la lista 23 \u201cUnidad Radical\u201d result\u00f3 ganadora de las elecciones internas del Comit\u00e9 Provincial de la Uni\u00f3n C\u00edvica Radical tras el escrutinio definitivo. De este modo, Miguel Fern\u00e1ndez ser\u00e1 el pr\u00f3ximo presidente del radicalismo bonaerense, tal como lo hab\u00eda reflejado el escrutinio provisorio.<\/p>\n\n\n\n<p>La f\u00f3rmula que responde al senador Nacional Maximiliano Abad, conformada por el ex intendente de Tranque Lauquen Miguel Fern\u00e1ndez y Elsa Llenderrozas triunf\u00f3 con un total de 39.715 votos (51.60 %) contra 37.248 de la lista opositora, y de ese modo cumplir\u00e1 mandato por los pr\u00f3ximos dos a\u00f1os.<\/p>\n\n\n\n<p>Este resultado deja en claro que la historia, la identidad y la proyecci\u00f3n del partido Radical es seguir construyendo una alternativa de gobierno tanto a nivel provincial como a nivel nacional para el a\u00f1o 2027.<\/p>\n\n\n\n<p>\u201cNo es tiempo de luchas facciosas, ni de vedetismos, ni de intereses ajenos a la provincia. Necesitamos un radicalismo fuerte que sea alternativa de poder para los a\u00f1os venideros\u201d, dijeron desde el espacio ganador.<\/p>\n","protected":false},"excerpt":{"rendered":"<p>Es oficial: se ratific\u00f3 el triunfo en el escrutinio definitivo de la f\u00f3rmula Miguel Fern\u00e1ndez-Elsa Llenderrozas en el Comit\u00e9 Provincial de la UCR La Junta Electoral partidaria ratific\u00f3 que la lista 23 \u201cUnidad Radical\u201d result\u00f3 ganadora de las elecciones internas del Comit\u00e9 Provincial de la Uni\u00f3n C\u00edvica Radical tras el escrutinio definitivo. De este modo, [&hellip;]<\/p>\n","protected":false},"author":2,"featured_media":12030,"comment_status":"open","ping_status":"open","sticky":false,"template":"","format":"standard","meta":{"footnotes":""},"categories":[20,5],"tags":[483,481,482,330,426],"_links":{"self":[{"href":"https:\/\/enlamira.info\/index.php\/wp-json\/wp\/v2\/posts\/12029"}],"collection":[{"href":"https:\/\/enlamira.info\/index.php\/wp-json\/wp\/v2\/posts"}],"about":[{"href":"https:\/\/enlamira.info\/index.php\/wp-json\/wp\/v2\/types\/post"}],"author":[{"embeddable":true,"href":"https:\/\/enlamira.info\/index.php\/wp-json\/wp\/v2\/users\/2"}],"replies":[{"embeddable":true,"href":"https:\/\/enlamira.info\/index.php\/wp-json\/wp\/v2\/comments?post=12029"}],"version-history":[{"count":1,"href":"https:\/\/enlamira.info\/index.php\/wp-json\/wp\/v2\/posts\/12029\/revisions"}],"predecessor-version":[{"id":12031,"href":"https:\/\/enlamira.info\/index.php\/wp-json\/wp\/v2\/posts\/12029\/revisions\/12031"}],"wp:featuredmedia":[{"embeddable":true,"href":"https:\/\/enlamira.info\/index.php\/wp-json\/wp\/v2\/media\/12030"}],"wp:attachment":[{"href":"https:\/\/enlamira.info\/index.php\/wp-json\/wp\/v2\/media?parent=12029"}],"wp:term":[{"taxonomy":"category","embeddable":true,"href":"https:\/\/enlamira.info\/index.php\/wp-json\/wp\/v2\/categories?post=12029"},{"taxonomy":"post_tag","embeddable":true,"href":"https:\/\/enlamira.info\/index.php\/wp-json\/wp\/v2\/tags?post=12029"}],"curies":[{"name":"wp","href":"https:\/\/api.w.org\/{rel}","templated":true}]}}