{"id":1202,"date":"2024-03-15T11:33:49","date_gmt":"2024-03-15T14:33:49","guid":{"rendered":"https:\/\/enlamira.info\/?p=1202"},"modified":"2024-03-15T11:52:22","modified_gmt":"2024-03-15T14:52:22","slug":"victoria-villarruel-se-defendio-de-las-acusaciones-por-traicion-no-me-voy-a-convertir-en-cristina-kirchner","status":"publish","type":"post","link":"https:\/\/enlamira.info\/index.php\/2024\/03\/15\/victoria-villarruel-se-defendio-de-las-acusaciones-por-traicion-no-me-voy-a-convertir-en-cristina-kirchner\/","title":{"rendered":"Victoria Villarruel se defendi\u00f3 de las acusaciones por traici\u00f3n: \u201cNo me voy a convertir en Cristina Kirchner\u201d"},"content":{"rendered":"\n<p>La vicepresidenta habl\u00f3 luego de la sesi\u00f3n del Senado en la que se rechaz\u00f3 el DNU. En los \u00faltimos d\u00edas hab\u00eda sido se\u00f1alada por parte del oficialismo por dar lugar al debate en la C\u00e1mara Alta.<\/p>\n\n\n\n<p>La vicepresidenta\u00a0Victoria Villarruel\u00a0public\u00f3 un video en sus redes sociales luego de\u00a0finalizado el debate en el que el Senado rechaz\u00f3 el DNU\u00a0impulsado por\u00a0Javier Milei\u00a0y considerado una herramienta clave del Gobierno.<\/p>\n\n\n\n<p>Horas antes, hab\u00eda sido acusada de&nbsp;<strong>\u201cjugar en contra\u201d<\/strong>&nbsp;del oficialismo por permitir que se tratara el Decreto.<\/p>\n\n\n\n<p>\u201cEl Senado es la Casa de las provincias y un Poder independiente\u201d, sostuvo Villarruel, quien manifest\u00f3:\u00a0\u201cNo me voy a convertir en Cristina Kirchner\u201d.<\/p>\n\n\n\n<p>\u201cMi compromiso con Argentina y con Javier Milei es inclaudicable. Desde el momento en el que Javier Milei me pidi\u00f3 que lo acompa\u00f1ara como diputada y luego en la formula presidencial nosotros\u00a0sab\u00edamos a los que nos enfrent\u00e1bamos\u201c, aclar\u00f3 sobre las acusaciones que recibi\u00f3 por parte del oficialismo.<\/p>\n\n\n\n<p>Y continu\u00f3: \u201cHemos trabajado\u00a0espalda con espalda, a pesar de los incansables\u00a0intentos por dividirnos.\u00a0No me voy a convertir en aquello que vinimos a cambiar. No hay Gobierno sin institucionalidad, por eso la pol\u00edtica tiene que trabajar para la gente\u201d.<\/p>\n\n\n\n<p>\u201cNo hay progreso sin libertad\u201d, concluy\u00f3 en el video de 52 segundos.<\/p>\n\n\n\n<p>Cabe recordar que luego de conocerse la convocatoria para tratar el DNU que fue firmada por Villarruel en su rol de presidenta del Senado, la Oficina del Presidente hab\u00eda expresado \u201cpreocupaci\u00f3n por la decisi\u00f3n unilateral\u00a0de algunos sectores de la clase pol\u00edtica que pretenden avanzar con una agenda propia e inconsulta\u201d.<\/p>\n\n\n\n<figure class=\"wp-block-embed is-type-rich is-provider-twitter wp-block-embed-twitter\"><div class=\"wp-block-embed__wrapper\">\n<blockquote class=\"twitter-tweet\" data-width=\"550\" data-dnt=\"true\"><p lang=\"es\" dir=\"ltr\">Sin institucionalidad no hay gobierno. Los que nos trajeron hasta ac\u00e1 siguen obstruyendo. \u00a1Todo por Argentina! \ud83c\udde6\ud83c\uddf7 <a href=\"https:\/\/t.co\/gfbMkyAgFy\">pic.twitter.com\/gfbMkyAgFy<\/a><\/p>&mdash; Victoria Villarruel (@VickyVillarruel) <a href=\"https:\/\/twitter.com\/VickyVillarruel\/status\/1768431095878709624?ref_src=twsrc%5Etfw\">March 15, 2024<\/a><\/blockquote><script async src=\"https:\/\/platform.twitter.com\/widgets.js\" charset=\"utf-8\"><\/script>\n<\/div><\/figure>\n","protected":false},"excerpt":{"rendered":"<p>La vicepresidenta habl\u00f3 luego de la sesi\u00f3n del Senado en la que se rechaz\u00f3 el DNU. En los \u00faltimos d\u00edas hab\u00eda sido se\u00f1alada por parte del oficialismo por dar lugar al debate en la C\u00e1mara Alta. La vicepresidenta\u00a0Victoria Villarruel\u00a0public\u00f3 un video en sus redes sociales luego de\u00a0finalizado el debate en el que el Senado rechaz\u00f3 [&hellip;]<\/p>\n","protected":false},"author":2,"featured_media":1204,"comment_status":"open","ping_status":"open","sticky":false,"template":"","format":"standard","meta":{"footnotes":""},"categories":[20],"tags":[],"_links":{"self":[{"href":"https:\/\/enlamira.info\/index.php\/wp-json\/wp\/v2\/posts\/1202"}],"collection":[{"href":"https:\/\/enlamira.info\/index.php\/wp-json\/wp\/v2\/posts"}],"about":[{"href":"https:\/\/enlamira.info\/index.php\/wp-json\/wp\/v2\/types\/post"}],"author":[{"embeddable":true,"href":"https:\/\/enlamira.info\/index.php\/wp-json\/wp\/v2\/users\/2"}],"replies":[{"embeddable":true,"href":"https:\/\/enlamira.info\/index.php\/wp-json\/wp\/v2\/comments?post=1202"}],"version-history":[{"count":2,"href":"https:\/\/enlamira.info\/index.php\/wp-json\/wp\/v2\/posts\/1202\/revisions"}],"predecessor-version":[{"id":1206,"href":"https:\/\/enlamira.info\/index.php\/wp-json\/wp\/v2\/posts\/1202\/revisions\/1206"}],"wp:featuredmedia":[{"embeddable":true,"href":"https:\/\/enlamira.info\/index.php\/wp-json\/wp\/v2\/media\/1204"}],"wp:attachment":[{"href":"https:\/\/enlamira.info\/index.php\/wp-json\/wp\/v2\/media?parent=1202"}],"wp:term":[{"taxonomy":"category","embeddable":true,"href":"https:\/\/enlamira.info\/index.php\/wp-json\/wp\/v2\/categories?post=1202"},{"taxonomy":"post_tag","embeddable":true,"href":"https:\/\/enlamira.info\/index.php\/wp-json\/wp\/v2\/tags?post=1202"}],"curies":[{"name":"wp","href":"https:\/\/api.w.org\/{rel}","templated":true}]}}