{"id":11942,"date":"2024-10-16T09:28:36","date_gmt":"2024-10-16T12:28:36","guid":{"rendered":"https:\/\/enlamira.info\/?p=11942"},"modified":"2024-10-16T09:28:36","modified_gmt":"2024-10-16T12:28:36","slug":"transicion-en-la-cruz-roja-de-avellaneda-y-el-continuo-compromiso-con-la-comunidad","status":"publish","type":"post","link":"https:\/\/enlamira.info\/index.php\/2024\/10\/16\/transicion-en-la-cruz-roja-de-avellaneda-y-el-continuo-compromiso-con-la-comunidad\/","title":{"rendered":"Transici\u00f3n en la Cruz Roja de Avellaneda y el Continuo Compromiso con la Comunidad"},"content":{"rendered":"\n<p>Marcelo Brunwald deja el d\u00eda a d\u00eda y asume Leonel Bonfigli.<\/p>\n\n\n\n<p>Luego de un ciclo de intenso trabajo y logros, anuncio que dejo de estar al frente del d\u00eda a d\u00eda de la Cruz Roja Argentina, filial Avellaneda, para dar lugar a una nueva etapa en la instituci\u00f3n. Si bien me aparto de la presidencia, mi compromiso con la Cruz Roja y con los vecinos de Avellaneda sigue intacto, y continuar\u00e9 como voluntario, aportando desde otro lugar.<\/p>\n\n\n\n<p>Durante estos a\u00f1os, he tenido el honor de liderar la filial en momentos hist\u00f3ricos y dif\u00edciles, y me enorgullece decir que, gracias al esfuerzo conjunto, logramos posicionar nuevamente a la Cruz Roja en la vida de los vecinos de Avellaneda. Juntos estuvimos en los momentos m\u00e1s cr\u00edticos, como el devastador temporal que afect\u00f3 nuestros barrios, donde brindamos asistencia y cobertura a los vecinos m\u00e1s vulnerables. Tambi\u00e9n llevamos adelante operativos de vacunaci\u00f3n clave para la salud p\u00fablica, demostrando una vez m\u00e1s la capacidad de la Cruz Roja de estar cerca de quienes m\u00e1s nos necesitan.<\/p>\n\n\n\n<p>Adem\u00e1s, ha sido un verdadero orgullo haber estado tan cerca de la Escuela de Enfermer\u00eda de la Cruz Roja. Ver crecer a las camadas de estudiantes que se recibieron y que hoy integran equipos de salud en instituciones p\u00fablicas y privadas de nuestra ciudad es uno de los logros que m\u00e1s satisfacci\u00f3n me genera. Hemos dejado una huella en la formaci\u00f3n de estos profesionales, contribuyendo a mejorar nuestra sociedad con compromiso y vocaci\u00f3n.<\/p>\n\n\n\n<p>Hemos tenido el privilegio de haber iniciado los pasos, para convertir la filial de Villa Dom\u00ednco a ser Cruz Roja Argentina Filial Avellaneda, trabajando en todos los barrios de la ciudad.<\/p>\n\n\n\n<p>Hoy, con la misma visi\u00f3n que me acompa\u00f1\u00f3 desde el inicio de mi gesti\u00f3n, dejo en manos de Leo Bongigli, a quien seleccion\u00e9 en su momento, por su capacidad y compromiso, asumir en el dia de hoy la presidencia de la filial. Leo ha sido mi compa\u00f1ero de trabajo como encargado de finanzas y ha demostrado tener las habilidades necesarias para continuar con el legado que hemos construido. Conf\u00edo plenamente en que llevar\u00e1 adelante esta responsabilidad con la misma dedicaci\u00f3n y entrega que nos caracteriz\u00f3.<\/p>\n\n\n\n<p>A lo largo de mi gesti\u00f3n, tuve el privilegio de formarme en la Escuela de Gobierno de UADE, lo que me permiti\u00f3 liderar con una visi\u00f3n estrat\u00e9gica y orientada siempre a fortalecer el v\u00ednculo con la comunidad. Pero sobre todo, haber cosechado cientos de amigos y vecinos valiosos.<\/p>\n\n\n\n<p>Fue un honor ser el presidente de la Cruz Roja en su centenario y dejar una instituci\u00f3n s\u00f3lida, comprometida y visible para todos los vecinos.<\/p>\n\n\n\n<p>Aunque dejo el d\u00eda a d\u00eda de la presidencia, seguir\u00e9 siendo parte activa de esta querida instituci\u00f3n como voluntario. Adem\u00e1s, desde mi vocaci\u00f3n period\u00edstica, continuar\u00e9 recorriendo los barrios y ayudando a los vecinos, tal como lo he hecho siempre. El compromiso con mi comunidad no se detiene.<\/p>\n\n\n\n<p>Agradezco profundamente a todos y cada uno de los voluntarios, empelados, docentes, directores por el esfuerzo que pusieron, a toda mi comisi\u00f3n directiva, sobre todo al querido Dr. Gustavo Pulido, quien entreg\u00f3 su salud para el bien com\u00fan, pero sobre todo agradezco de todo coraz\u00f3n a mi familia, quien ha resignado su tiempo, para que pueda tender una mano al m\u00e1s necesitado.<\/p>\n\n\n\n<p>Agradezco a todos los que me acompa\u00f1aron en este camino, y conf\u00edo en que el equipo que dejo continuar\u00e1 llevando adelante el legado que juntos construimos.<\/p>\n\n\n\n<p>Atentamente,<\/p>\n\n\n\n<p>[Marcelo Brunwald]<\/p>\n\n\n\n<p>Expresidente y voluntario, Cruz Roja Argentina Filial Avellaneda<\/p>\n","protected":false},"excerpt":{"rendered":"<p>Marcelo Brunwald deja el d\u00eda a d\u00eda y asume Leonel Bonfigli. Luego de un ciclo de intenso trabajo y logros, anuncio que dejo de estar al frente del d\u00eda a d\u00eda de la Cruz Roja Argentina, filial Avellaneda, para dar lugar a una nueva etapa en la instituci\u00f3n. Si bien me aparto de la presidencia, [&hellip;]<\/p>\n","protected":false},"author":2,"featured_media":11943,"comment_status":"open","ping_status":"open","sticky":false,"template":"","format":"standard","meta":{"footnotes":""},"categories":[1,4,5,23,34],"tags":[479,163,480,238,471,473,476,474,169,475,478,477,472],"_links":{"self":[{"href":"https:\/\/enlamira.info\/index.php\/wp-json\/wp\/v2\/posts\/11942"}],"collection":[{"href":"https:\/\/enlamira.info\/index.php\/wp-json\/wp\/v2\/posts"}],"about":[{"href":"https:\/\/enlamira.info\/index.php\/wp-json\/wp\/v2\/types\/post"}],"author":[{"embeddable":true,"href":"https:\/\/enlamira.info\/index.php\/wp-json\/wp\/v2\/users\/2"}],"replies":[{"embeddable":true,"href":"https:\/\/enlamira.info\/index.php\/wp-json\/wp\/v2\/comments?post=11942"}],"version-history":[{"count":1,"href":"https:\/\/enlamira.info\/index.php\/wp-json\/wp\/v2\/posts\/11942\/revisions"}],"predecessor-version":[{"id":11944,"href":"https:\/\/enlamira.info\/index.php\/wp-json\/wp\/v2\/posts\/11942\/revisions\/11944"}],"wp:featuredmedia":[{"embeddable":true,"href":"https:\/\/enlamira.info\/index.php\/wp-json\/wp\/v2\/media\/11943"}],"wp:attachment":[{"href":"https:\/\/enlamira.info\/index.php\/wp-json\/wp\/v2\/media?parent=11942"}],"wp:term":[{"taxonomy":"category","embeddable":true,"href":"https:\/\/enlamira.info\/index.php\/wp-json\/wp\/v2\/categories?post=11942"},{"taxonomy":"post_tag","embeddable":true,"href":"https:\/\/enlamira.info\/index.php\/wp-json\/wp\/v2\/tags?post=11942"}],"curies":[{"name":"wp","href":"https:\/\/api.w.org\/{rel}","templated":true}]}}