{"id":1193,"date":"2024-03-15T11:31:23","date_gmt":"2024-03-15T14:31:23","guid":{"rendered":"https:\/\/enlamira.info\/?p=1193"},"modified":"2024-03-15T11:54:25","modified_gmt":"2024-03-15T14:54:25","slug":"martin-lousteau-justifico-su-rechazo-al-dnu-y-critico-a-milei-no-sale-de-olivos","status":"publish","type":"post","link":"https:\/\/enlamira.info\/index.php\/2024\/03\/15\/martin-lousteau-justifico-su-rechazo-al-dnu-y-critico-a-milei-no-sale-de-olivos\/","title":{"rendered":"Mart\u00edn Lousteau justific\u00f3 su rechazo al DNU y critic\u00f3 a Milei: \u201cNo sale de Olivos\u201d"},"content":{"rendered":"\n<p>El senador y presidente de la UCR castig\u00f3 al Presidente luego del debate por el mega Decreto de Necesidad de Urgencia.<\/p>\n\n\n\n<p>La sesi\u00f3n en la C\u00e1mara de Senadores en la que se rechaz\u00f3 el\u00a0Decreto\u00a0de Necesidad y Urgencia 70\/2023\u00a0dispar\u00f3 una serie de pol\u00e9micas y cruces tanto dentro del\u00a0oficialismo\u00a0como en la oposici\u00f3n.<\/p>\n\n\n\n<p>Tras el\u00a0rechazo del DNU impulsado por Javier Milei\u00a0que este jueves por la tarde naufrag\u00f3 en el Senado, la ministra de Seguridad,\u00a0Patricia Bullrich, cuestion\u00f3 fuertemente al legislador radical,\u00a0Mart\u00edn Lousteau,quien junto al fueguino\u00a0Pablo Blanco\u00a0fueron los \u00fanicos dos radicales que votaron en contra de la iniciativa oficial.<\/p>\n\n\n\n<p>\u201cQue venga a hablar\u00a0Lousteau\u00a0de constitucionalismo cuando\u00a0aprob\u00f3 un mont\u00f3n de DNU\u00a0es una falta de respeto\u201d, arranc\u00f3 la ministra, quien segundos m\u00e1s tarde sostuvo que el senador rechaz\u00f3 el decreto porque le sacaron cajas que manejaba del sistema educativo.<\/p>\n\n\n\n<p>\u201cHace pol\u00edtica con la educaci\u00f3n p\u00fablica\u201d, afirm\u00f3, y agreg\u00f3:\u00a0\u201cManeja las cajas y contratos en las universidades\u201d.<\/p>\n\n\n\n<p>Horas despu\u00e9s de la votaci\u00f3n, el exministro de Econom\u00eda de Cristina Kirchner defendi\u00f3 su posici\u00f3n y apunt\u00f3 contra sus pares radicales, de quienes dijo que en privado piensan una cosa pero despu\u00e9s votan otra.<\/p>\n\n\n\n<p>\u201cEl decreto es inconstitucional de arriba para abajo, ni siquiera los propios considerandos del decreto explican cu\u00e1l es la necesidad o la urgencia\u201d, asegur\u00f3\u00a0Lousteau\u00a0hoy al explicar su voto en contra.<\/p>\n\n\n\n<p>\u201cUna cosa es la postura que tienen las radicales puertas adentro y otra cosa es cuando van y votan. Puertas adentro, todos o casi todos dicen que es inconstitucional y que es una barbaridad. Y despu\u00e9s votan distinto. Algunos porque genuinamente habr\u00e1n cambiado de posici\u00f3n, otros por conveniencia y otros por temor, porque este es un Gobierno que amedrenta, que amenaza, que infunde temor\u201d, indic\u00f3.<\/p>\n\n\n\n<p>En ese sentido, dijo que \u201ccada dirigente tiene que hacerse cargo\u201d, aunque advirti\u00f3 que \u201csi un dirigente tiene miedo por lo que despu\u00e9s le digan en un tuit, en la calle o en un medio af\u00edn (al Gobierno), despu\u00e9s c\u00f3mo proponen que hay que cambiar la Argentina con los debates que realmente hay que dar\u201d.<\/p>\n\n\n\n<p>\u201c\u00bfCu\u00e1ntos radicales han escuchado ustedes llenarse la boca con el estado de derecho, la rep\u00fablica y la institucionalidad? \u00bfY a muchos del PRO que dicen que eso es fundamental para el desarrollo? Ahora resulta que no. Desde el principio, apenas Milei mand\u00f3 el DNU, el partido radical dijo \u2018mande una ley espejo porque esto no puede ser aprobado as\u00ed\u2019. Como Milei no la mand\u00f3, dos radicales, Carolina Losada en el Senado y Mart\u00edn Tetaz en Diputados, mandaron ellos una ley espejo para que se pueda votar por parte. Hay presentados proyectos de ley de casi todas las cosas que tiene el DNU, pero tampoco quieren tratar las leyes\u201d, agreg\u00f3\u00a0Lousteau.<\/p>\n","protected":false},"excerpt":{"rendered":"<p>El senador y presidente de la UCR castig\u00f3 al Presidente luego del debate por el mega Decreto de Necesidad de Urgencia. La sesi\u00f3n en la C\u00e1mara de Senadores en la que se rechaz\u00f3 el\u00a0Decreto\u00a0de Necesidad y Urgencia 70\/2023\u00a0dispar\u00f3 una serie de pol\u00e9micas y cruces tanto dentro del\u00a0oficialismo\u00a0como en la oposici\u00f3n. Tras el\u00a0rechazo del DNU impulsado [&hellip;]<\/p>\n","protected":false},"author":2,"featured_media":1195,"comment_status":"open","ping_status":"open","sticky":false,"template":"","format":"standard","meta":{"footnotes":""},"categories":[20],"tags":[],"_links":{"self":[{"href":"https:\/\/enlamira.info\/index.php\/wp-json\/wp\/v2\/posts\/1193"}],"collection":[{"href":"https:\/\/enlamira.info\/index.php\/wp-json\/wp\/v2\/posts"}],"about":[{"href":"https:\/\/enlamira.info\/index.php\/wp-json\/wp\/v2\/types\/post"}],"author":[{"embeddable":true,"href":"https:\/\/enlamira.info\/index.php\/wp-json\/wp\/v2\/users\/2"}],"replies":[{"embeddable":true,"href":"https:\/\/enlamira.info\/index.php\/wp-json\/wp\/v2\/comments?post=1193"}],"version-history":[{"count":2,"href":"https:\/\/enlamira.info\/index.php\/wp-json\/wp\/v2\/posts\/1193\/revisions"}],"predecessor-version":[{"id":1197,"href":"https:\/\/enlamira.info\/index.php\/wp-json\/wp\/v2\/posts\/1193\/revisions\/1197"}],"wp:featuredmedia":[{"embeddable":true,"href":"https:\/\/enlamira.info\/index.php\/wp-json\/wp\/v2\/media\/1195"}],"wp:attachment":[{"href":"https:\/\/enlamira.info\/index.php\/wp-json\/wp\/v2\/media?parent=1193"}],"wp:term":[{"taxonomy":"category","embeddable":true,"href":"https:\/\/enlamira.info\/index.php\/wp-json\/wp\/v2\/categories?post=1193"},{"taxonomy":"post_tag","embeddable":true,"href":"https:\/\/enlamira.info\/index.php\/wp-json\/wp\/v2\/tags?post=1193"}],"curies":[{"name":"wp","href":"https:\/\/api.w.org\/{rel}","templated":true}]}}