{"id":1187,"date":"2024-03-15T11:30:15","date_gmt":"2024-03-15T14:30:15","guid":{"rendered":"https:\/\/enlamira.info\/?p=1187"},"modified":"2024-03-15T11:55:27","modified_gmt":"2024-03-15T14:55:27","slug":"acuerdo-o-confrontacion-javier-milei-puso-en-duda-el-pacto-de-mayo-y-podria-naufragar-el-conclave","status":"publish","type":"post","link":"https:\/\/enlamira.info\/index.php\/2024\/03\/15\/acuerdo-o-confrontacion-javier-milei-puso-en-duda-el-pacto-de-mayo-y-podria-naufragar-el-conclave\/","title":{"rendered":"\u201cAcuerdo o confrontaci\u00f3n\u201d: Javier Milei puso en duda el Pacto de Mayo y podr\u00eda naufragar el c\u00f3nclave"},"content":{"rendered":"\n<p>A trav\u00e9s de la Oficina del Presidente, el mandatario apunt\u00f3 contra los senadores que rechazaron el DNU y sostuvo que hubo un \u201cintento de socavar\u201d al Gobierno.<\/p>\n\n\n\n<p>Horas despu\u00e9s de que\u00a0naufragar el DNU\u00a0en el Congreso,\u00a0la Oficina del Presidente public\u00f3 un duro comunicado\u00a0para con\u00a0los senadores que rechazaron la herramienta\u00a0impulsada por el Gobierno.<\/p>\n\n\n\n<p>\u201cResulta imposible interpretar esta decisi\u00f3n de otra manera que como\u00a0un intento de socavar el Pacto de Mayo, el Gobierno Nacional y el cambio elegido por los argentinos\u201c, afirm\u00f3 el Presidente a trav\u00e9s de su oficina.<\/p>\n\n\n\n<p>En ese sentido, el texto sostiene: \u201cEn su discurso acerca del estado de la Naci\u00f3n, el Presidente plante\u00f3 dos alternativas:\u00a0el acuerdo o la confrontaci\u00f3n. Ha llegado el momento de que la clase pol\u00edtica decida de qu\u00e9 lado de la historia quiere quedar\u201d.<\/p>\n\n\n\n<p>\u201cLa\u00a0C\u00e1mara de Senadores de la Naci\u00f3n atenta contra la convocatoria del Presidente. La misma C\u00e1mara que ha habilitado casi\u00a0500 Decretos de Necesidad y Urgencia del kirchnerismo, se ha encargado de rechazar el DNU del presidente Javier Milei a solo 3 meses de su asunci\u00f3n\u201d, agrega.<\/p>\n\n\n\n<p>En otro posteo en la red social X, resaltaron que \u201cel Presidente de la Naci\u00f3n desea destacar la labor de los senadores nacionales de\u00a0La Libertad Avanza, del PRO, y especialmente de la mayor\u00eda absoluta de los senadores de la Uni\u00f3n C\u00edvica Radical, quienes han dado la lucha hoy en defensa de la libertad de los argentinos, a pesar de conocer de antemano el resultado negativo\u201d.<\/p>\n\n\n\n<p>\u201cCuando la Patria est\u00e1 en peligro, todo est\u00e1 permitido, excepto no defenderla\u201c, concluyeron a modo de cita del Gral. Jos\u00e9 de San Mart\u00edn.<\/p>\n","protected":false},"excerpt":{"rendered":"<p>A trav\u00e9s de la Oficina del Presidente, el mandatario apunt\u00f3 contra los senadores que rechazaron el DNU y sostuvo que hubo un \u201cintento de socavar\u201d al Gobierno. Horas despu\u00e9s de que\u00a0naufragar el DNU\u00a0en el Congreso,\u00a0la Oficina del Presidente public\u00f3 un duro comunicado\u00a0para con\u00a0los senadores que rechazaron la herramienta\u00a0impulsada por el Gobierno. \u201cResulta imposible interpretar esta [&hellip;]<\/p>\n","protected":false},"author":2,"featured_media":1190,"comment_status":"open","ping_status":"open","sticky":false,"template":"","format":"standard","meta":{"footnotes":""},"categories":[20],"tags":[],"_links":{"self":[{"href":"https:\/\/enlamira.info\/index.php\/wp-json\/wp\/v2\/posts\/1187"}],"collection":[{"href":"https:\/\/enlamira.info\/index.php\/wp-json\/wp\/v2\/posts"}],"about":[{"href":"https:\/\/enlamira.info\/index.php\/wp-json\/wp\/v2\/types\/post"}],"author":[{"embeddable":true,"href":"https:\/\/enlamira.info\/index.php\/wp-json\/wp\/v2\/users\/2"}],"replies":[{"embeddable":true,"href":"https:\/\/enlamira.info\/index.php\/wp-json\/wp\/v2\/comments?post=1187"}],"version-history":[{"count":2,"href":"https:\/\/enlamira.info\/index.php\/wp-json\/wp\/v2\/posts\/1187\/revisions"}],"predecessor-version":[{"id":1192,"href":"https:\/\/enlamira.info\/index.php\/wp-json\/wp\/v2\/posts\/1187\/revisions\/1192"}],"wp:featuredmedia":[{"embeddable":true,"href":"https:\/\/enlamira.info\/index.php\/wp-json\/wp\/v2\/media\/1190"}],"wp:attachment":[{"href":"https:\/\/enlamira.info\/index.php\/wp-json\/wp\/v2\/media?parent=1187"}],"wp:term":[{"taxonomy":"category","embeddable":true,"href":"https:\/\/enlamira.info\/index.php\/wp-json\/wp\/v2\/categories?post=1187"},{"taxonomy":"post_tag","embeddable":true,"href":"https:\/\/enlamira.info\/index.php\/wp-json\/wp\/v2\/tags?post=1187"}],"curies":[{"name":"wp","href":"https:\/\/api.w.org\/{rel}","templated":true}]}}