{"id":1182,"date":"2024-03-15T11:29:16","date_gmt":"2024-03-15T14:29:16","guid":{"rendered":"https:\/\/enlamira.info\/?p=1182"},"modified":"2024-03-15T11:56:41","modified_gmt":"2024-03-15T14:56:41","slug":"drogas-depresion-y-adicciones-el-inesperado-pedido-de-ayuda-de-daniel-osvaldo","status":"publish","type":"post","link":"https:\/\/enlamira.info\/index.php\/2024\/03\/15\/drogas-depresion-y-adicciones-el-inesperado-pedido-de-ayuda-de-daniel-osvaldo\/","title":{"rendered":"Drogas, depresi\u00f3n y adicciones: el inesperado pedido de ayuda de Daniel Osvaldo"},"content":{"rendered":"\n<p>El ex futbolista public\u00f3 un pedido para hablar sobre sus problemas de salud mental, relacionados a la depresi\u00f3n<\/p>\n\n\n\n<p>Daniel Osvaldo\u00a0realiz\u00f3 una inesperada confesi\u00f3n mediante un video que comparti\u00f3 en su cuenta de\u00a0Instagram, donde tras separarse de su pareja,\u00a0Daniela Ballester,\u00a0decidi\u00f3 pedir ayuda para combatir sus problemas con las drogas, la depresi\u00f3n y la adicci\u00f3n al alcohol.<\/p>\n\n\n\n<p>\u201cEs dif\u00edcil para m\u00ed hacer este video porque\u2026 Nunca hice algo as\u00ed. Pero creo que lleg\u00f3 el momento\u00a0porque estoy bastante desesperado y no la estoy pasando muy bien para nada.\u00a0Primero y principal, quiero aclarar que lo que dije sobre Daniela es mentira. Lo dije en un estado de enojo y de ceguera. Y estoy muy arrepentido porque seguramente mi dicho le haya tra\u00eddo problemas a ella en su trabajo y en su vida\u201d, comenz\u00f3 el ex futbolista en el video de\u00a0casi 10 minutos.<\/p>\n\n\n\n<figure class=\"wp-block-embed is-type-rich is-provider-twitter wp-block-embed-twitter\"><div class=\"wp-block-embed__wrapper\">\n<blockquote class=\"twitter-tweet\" data-width=\"550\" data-dnt=\"true\"><p lang=\"es\" dir=\"ltr\">\u201cDaniel Osvaldo\u201d<br><br>Por su dram\u00e1tico pedido de ayuda: \u201cVengo a contarles que sufro depresi\u00f3n, y eso me ha llevado a caer en adicciones como el alcohol y las drogas. Mi vida se me est\u00e1 yendo de las manos\u2026.\u201d. <a href=\"https:\/\/t.co\/38YRSjPHhR\">pic.twitter.com\/38YRSjPHhR<\/a><\/p>&mdash; Tendencias en Argentina (@porqueTTarg) <a href=\"https:\/\/twitter.com\/porqueTTarg\/status\/1768234181203558724?ref_src=twsrc%5Etfw\">March 14, 2024<\/a><\/blockquote><script async src=\"https:\/\/platform.twitter.com\/widgets.js\" charset=\"utf-8\"><\/script>\n<\/div><\/figure>\n\n\n\n<p>Luego, explic\u00f3 como vive este momento de su vida y las adicciones que padece:\u00a0\u201cNo s\u00e9 si ser\u00e1 un pedido de ayuda o si simplemente tengo la necesidad de hablarlo porque hace mucho tiempo que vengo lidiando con una depresi\u00f3n muy grande. Esa depresi\u00f3n me hizo caer en en algunas adicciones, alcohol y drogas. Y la verdad es que estoy en un momento en el cual mi vida se me est\u00e1 yendo de las manos. Y bueno, lo quer\u00eda contar y compartirlo con ustedes. Estoy con tratamiento psiqui\u00e1trico tomando medicaciones. Tengo una enfermedad muy espec\u00edfica. Falta de autoestima, depresi\u00f3n. Muchas veces vuelvo a caer en mis adicciones. Por enojo he ca\u00eddo en la autodestrucci\u00f3n y eso destruye tambi\u00e9n a la gente que est\u00e1 a mi alrededor. Pr\u00e1cticamente vivo solo, encerrado en mi casa\u201d.<\/p>\n\n\n\n<p>Posteriormente, el ex delantero de la Selecci\u00f3n Italiana habl\u00f3 sobre su d\u00eda a d\u00eda y como vive la depresi\u00f3n:\u00a0\u201cNo salgo a ning\u00fan lado, no hago nada productivo por mi vida y no me dan ganas a veces ni de levantarme de la cama. No me dan ganas ni de ba\u00f1arme a veces. Les quiero contar todo esto. \u00bfPor qu\u00e9? Y creo que la \u00fanica manera de la cual yo pueda salir es que. Que realmente se entere la gente de lo que me est\u00e1 pasando. Y como le dije antes, he ca\u00eddo en adicciones muy feas que solo llevan a que mi depresi\u00f3n sea cada vez m\u00e1s grande. Esto me hizo alejarme de gente que me quiso mucho, que me quiere mucho, que yo tambi\u00e9n quise y que quiero mucho. Eso me hace no tener ganas de ver a mi familia, de no tener ganas de compartir cosas con mis hijos\u201d.<\/p>\n\n\n\n<p>En lo que respecta a la finalizaci\u00f3n de su noviazgo, decidi\u00f3 pedir disculpas publicas a su ex pareja, como tambi\u00e9n relacionar lo vivido con su salud mental:\u00a0\u201cPrimero que nada quiero pedir disculpas a Daniela porque est\u00e1 pasando en este momento. Por culpa m\u00eda est\u00e1 viviendo cosas que no deber\u00eda vivir, pero quiero contar esto, no para hacerme la v\u00edctima para nada, sino para contarles, para que entiendan a los que les interese. Para que entiendan que las cosas que hago no est\u00e1n bien. Las decisiones que tomo en mi vida, que no est\u00e1n bien. El enojo que tengo con el mundo y con mucha gente y tienen que ver conmigo, con mi enfermedad, con mi falta de autoestima, con mi depresi\u00f3n y con mis malas decisiones\u201d.<\/p>\n\n\n\n<p>\u201cNo tengo un trabajo estable. Me gast\u00e9 pr\u00e1cticamente todos mis ahorros porque como no tengo ingresos, la plata no dura para siempre. Pero eso es lo de menos, porque nunca me interes\u00f3 el dinero. Yo nac\u00ed pobre y puedo morir pobre y eso no me importa. Ojal\u00e1 pueda volver a ser el de antes alg\u00fan d\u00eda. Nada m\u00e1s\u201d, finaliz\u00f3 Osvaldo, quien ya dej\u00f3 el mundo del f\u00fatbol hace casi 4 a\u00f1os desde su salida de\u00a0Banfield, con el objetivo de dedicarse a su banda de rock,\u00a0Barrio Viejo.<\/p>\n","protected":false},"excerpt":{"rendered":"<p>El ex futbolista public\u00f3 un pedido para hablar sobre sus problemas de salud mental, relacionados a la depresi\u00f3n Daniel Osvaldo\u00a0realiz\u00f3 una inesperada confesi\u00f3n mediante un video que comparti\u00f3 en su cuenta de\u00a0Instagram, donde tras separarse de su pareja,\u00a0Daniela Ballester,\u00a0decidi\u00f3 pedir ayuda para combatir sus problemas con las drogas, la depresi\u00f3n y la adicci\u00f3n al alcohol. [&hellip;]<\/p>\n","protected":false},"author":2,"featured_media":1185,"comment_status":"open","ping_status":"open","sticky":false,"template":"","format":"standard","meta":{"footnotes":""},"categories":[14],"tags":[],"_links":{"self":[{"href":"https:\/\/enlamira.info\/index.php\/wp-json\/wp\/v2\/posts\/1182"}],"collection":[{"href":"https:\/\/enlamira.info\/index.php\/wp-json\/wp\/v2\/posts"}],"about":[{"href":"https:\/\/enlamira.info\/index.php\/wp-json\/wp\/v2\/types\/post"}],"author":[{"embeddable":true,"href":"https:\/\/enlamira.info\/index.php\/wp-json\/wp\/v2\/users\/2"}],"replies":[{"embeddable":true,"href":"https:\/\/enlamira.info\/index.php\/wp-json\/wp\/v2\/comments?post=1182"}],"version-history":[{"count":2,"href":"https:\/\/enlamira.info\/index.php\/wp-json\/wp\/v2\/posts\/1182\/revisions"}],"predecessor-version":[{"id":1186,"href":"https:\/\/enlamira.info\/index.php\/wp-json\/wp\/v2\/posts\/1182\/revisions\/1186"}],"wp:featuredmedia":[{"embeddable":true,"href":"https:\/\/enlamira.info\/index.php\/wp-json\/wp\/v2\/media\/1185"}],"wp:attachment":[{"href":"https:\/\/enlamira.info\/index.php\/wp-json\/wp\/v2\/media?parent=1182"}],"wp:term":[{"taxonomy":"category","embeddable":true,"href":"https:\/\/enlamira.info\/index.php\/wp-json\/wp\/v2\/categories?post=1182"},{"taxonomy":"post_tag","embeddable":true,"href":"https:\/\/enlamira.info\/index.php\/wp-json\/wp\/v2\/tags?post=1182"}],"curies":[{"name":"wp","href":"https:\/\/api.w.org\/{rel}","templated":true}]}}