{"id":11760,"date":"2024-10-11T00:10:50","date_gmt":"2024-10-11T03:10:50","guid":{"rendered":"https:\/\/enlamira.info\/?p=11760"},"modified":"2024-10-11T00:11:54","modified_gmt":"2024-10-11T03:11:54","slug":"la-inflacion-de-septiembre-fue-de-35-y-acumula-un-209-en-los-ultimos-doce-meses","status":"publish","type":"post","link":"https:\/\/enlamira.info\/index.php\/2024\/10\/11\/la-inflacion-de-septiembre-fue-de-35-y-acumula-un-209-en-los-ultimos-doce-meses\/","title":{"rendered":"La inflaci\u00f3n de septiembre fue de 3,5% y acumula un 209% en los \u00faltimos doce meses"},"content":{"rendered":"\n<p>Seg\u00fan los datos aportados por el INDEC hubo una desaceleraci\u00f3n del \u00edndice de precios respecto a agosto cuando super\u00f3 el 4%. En lo que va del 2024 la suba fue del 101,6 por ciento.<\/p>\n\n\n\n<p>En sinton\u00eda con lo vaticinado por\u00a0el Gobierno,\u00a0la\u00a0inflaci\u00f3n de septiembre fue de 3,5%,\u00a0marcando una desaceleraci\u00f3n de 0,7 puntos respecto al mes anterior cuando alcanz\u00f3 el 4,2 por ciento. Convirti\u00e9ndose en el dato mensual m\u00e1s bajo desde el 2021.<\/p>\n\n\n\n<p>Seg\u00fan el informe presentado por el\u00a0Instituto Nacional de Estad\u00edsticas y Censos\u00a0(INDEC), en lo que va de este a\u00f1o el \u00edndice de precios al consumidor (IPC)\u00a0acumul\u00f3 un 101,6%. Por su parte, la acumulaci\u00f3n interanual trep\u00f3 al\u00a0209% en los \u00faltimos doce meses.<\/p>\n\n\n\n<p>Dentro de los rubros que registraron un mayor aumento en el noveno mes del a\u00f1o, se encuentran\u00a0Vivienda, agua, electricidad, gas y otros combustibles, con el 7,3%. Le sigui\u00f3 Prendas de\u00a0vestir y calzado, con el 6%, por el recambio estacional y de temporada, seg\u00fan indica\u00a0el informe\u00a0del ente estad\u00edstico.<\/p>\n\n\n\n<p>El reporte del instituto que preside\u00a0Marco Lavagna\u00a0agrega que las dos divisiones que registraron las menores variaciones fueron\u00a0Bebidas alcoh\u00f3licas y tabaco, con un incremento del 2,2%;\u00a0y Recreaci\u00f3n y cultura con un alza del 2,1 por ciento.<\/p>\n\n\n\n<p>Por su parte, la divisi\u00f3n de\u00a0Alimentos y bebidas tuvo un incremento de 2,3%, por debajo del promedio. En ese caso \u201cse destacaron los aumentos de Carnes y derivados, Pan y cereales, y Leche, productos l\u00e1cteos y huevos\u201d, se\u00f1al\u00f3 el organismo estatal.<\/p>\n\n\n\n<p>El informe agrega que dentro del \u00edndice mensual del 3,5%, se ponderaron un incremento en bienes del tres por ciento y en\u00a0servicios del 4,6%, este \u00faltimo empujado\u00a0por las subas en las tarifas de los servicios p\u00fablicos.\u00a0Por otra parte, el IPC N\u00facleo, que registra\u00a0la inflaci\u00f3n\u00a0que excluye a los precios estacionales y regulados, se ubic\u00f3 en el 3,3%.<\/p>\n","protected":false},"excerpt":{"rendered":"<p>Seg\u00fan los datos aportados por el INDEC hubo una desaceleraci\u00f3n del \u00edndice de precios respecto a agosto cuando super\u00f3 el 4%. En lo que va del 2024 la suba fue del 101,6 por ciento. En sinton\u00eda con lo vaticinado por\u00a0el Gobierno,\u00a0la\u00a0inflaci\u00f3n de septiembre fue de 3,5%,\u00a0marcando una desaceleraci\u00f3n de 0,7 puntos respecto al mes anterior [&hellip;]<\/p>\n","protected":false},"author":2,"featured_media":11764,"comment_status":"open","ping_status":"open","sticky":false,"template":"","format":"standard","meta":{"footnotes":""},"categories":[22],"tags":[],"_links":{"self":[{"href":"https:\/\/enlamira.info\/index.php\/wp-json\/wp\/v2\/posts\/11760"}],"collection":[{"href":"https:\/\/enlamira.info\/index.php\/wp-json\/wp\/v2\/posts"}],"about":[{"href":"https:\/\/enlamira.info\/index.php\/wp-json\/wp\/v2\/types\/post"}],"author":[{"embeddable":true,"href":"https:\/\/enlamira.info\/index.php\/wp-json\/wp\/v2\/users\/2"}],"replies":[{"embeddable":true,"href":"https:\/\/enlamira.info\/index.php\/wp-json\/wp\/v2\/comments?post=11760"}],"version-history":[{"count":1,"href":"https:\/\/enlamira.info\/index.php\/wp-json\/wp\/v2\/posts\/11760\/revisions"}],"predecessor-version":[{"id":11761,"href":"https:\/\/enlamira.info\/index.php\/wp-json\/wp\/v2\/posts\/11760\/revisions\/11761"}],"wp:featuredmedia":[{"embeddable":true,"href":"https:\/\/enlamira.info\/index.php\/wp-json\/wp\/v2\/media\/11764"}],"wp:attachment":[{"href":"https:\/\/enlamira.info\/index.php\/wp-json\/wp\/v2\/media?parent=11760"}],"wp:term":[{"taxonomy":"category","embeddable":true,"href":"https:\/\/enlamira.info\/index.php\/wp-json\/wp\/v2\/categories?post=11760"},{"taxonomy":"post_tag","embeddable":true,"href":"https:\/\/enlamira.info\/index.php\/wp-json\/wp\/v2\/tags?post=11760"}],"curies":[{"name":"wp","href":"https:\/\/api.w.org\/{rel}","templated":true}]}}