{"id":11535,"date":"2024-10-04T22:18:42","date_gmt":"2024-10-05T01:18:42","guid":{"rendered":"https:\/\/enlamira.info\/?p=11535"},"modified":"2024-10-04T22:41:14","modified_gmt":"2024-10-05T01:41:14","slug":"oscar-ruggeri-fulmino-al-chileno-arturo-vidal-era-10-anos-antes-pichon","status":"publish","type":"post","link":"https:\/\/enlamira.info\/index.php\/2024\/10\/04\/oscar-ruggeri-fulmino-al-chileno-arturo-vidal-era-10-anos-antes-pichon\/","title":{"rendered":"Oscar Ruggeri fulmin\u00f3 al chileno Arturo Vidal: \u201cEra 10 a\u00f1os antes, pich\u00f3n\u2026\u201d"},"content":{"rendered":"\n<p>El ex defensor campe\u00f3n del mundo con Argentina arremeti\u00f3 contra el futbolista de Colo Colo, que qued\u00f3 fuera de las convocatorias de su seleccionado.<\/p>\n\n\n\n<p>Oscar Ruggeri habl\u00f3 sin pelos en la lengua del chileno Arturo Vidal. El ex defensor campe\u00f3n del mundo con la Selecci\u00f3n argentina sali\u00f3 al cruce del futbolista de Colo Colo, quien\u00a0en los \u00faltimos d\u00edas hab\u00eda estallado contra Ricardo Gareca, DT del combinado trasandino.<\/p>\n\n\n\n<p>Tras quedar pen\u00faltimo en las Eliminatorias tras la pasada fecha FIFA,\u00a0Gareca dio a conocer la lista de convocados del cuadro chileno de cara a la doble jornada, en donde la Roja deber\u00e1 enfrentarse a Brasil y a Colombia.\u00a0Dentro de los citados llam\u00f3 la atenci\u00f3n la\u00a0ausencia de algunos nombres pesados como el de Mauricio Isla, Charles Aranguiz y el mencionado Vidal.<\/p>\n\n\n\n<p>\u201cNo hay nadie mejor que yo en mi posici\u00f3n\u00a0o que tenga la experiencia para enfrentar a Brasil. No podes enfrentarlos con cualquier jugador y sin experiencia.\u00a0Te arriesgas a quedar afuera de otro mundial\u201d, dispar\u00f3 el volante de Colo Colo.<\/p>\n\n\n\n<p>A ra\u00edz de estas declaraciones,\u00a0Ruggeri sali\u00f3 en defensa del entrenador argentino y rememor\u00f3 las \u00faltimas actuaciones de Chile de cara a los mundiales, en las cuales Vidal integraba el plantel y era una pieza clave. \u201cEs muy simple. \u00c9l dijo: \u2018Otro mundial afuera\u2019.\u00a0Y \u00bfpor qu\u00e9 con ocho a\u00f1os menos o cuatro menos no fuiste al mundial si eras y eran tan fen\u00f3menos?\u201d, respondi\u00f3 el panelista en el programa ESPN F90.<\/p>\n\n\n\n<p>\u201cHace dos Mundiales que no van. \u00bfAhora se la agarran con Gareca que no los llam\u00f3?\u00a0Es incre\u00edble, tendr\u00edan que haber pensado todo lo que no hicieron antes, si no van a los Mundiales. Trajeron un t\u00e9cnico para tratar de ir al Mundial, es muy sencillo.\u00a0Vidal, querido. Vidalcito, era 10 a\u00f1os antes, pich\u00f3n. Ahora, si vos ven\u00edas 10 a\u00f1os jugando Mundiales, bueno, hasta yo lo llamo a Gareca y le digo: \u2018Che, ponelos a estos tipos\u2019. Pero hace dos Mundiales que no van\u00a0con las grandes camadas y Vidal en su plenitud, con ese jopo b\u00e1rbaro. Est\u00e1n tratando de cortar esa racha y poner a Chile en un Mundial, es muy sencillo\u201d, cerr\u00f3 el Cabez\u00f3n.<\/p>\n","protected":false},"excerpt":{"rendered":"<p>El ex defensor campe\u00f3n del mundo con Argentina arremeti\u00f3 contra el futbolista de Colo Colo, que qued\u00f3 fuera de las convocatorias de su seleccionado. Oscar Ruggeri habl\u00f3 sin pelos en la lengua del chileno Arturo Vidal. El ex defensor campe\u00f3n del mundo con la Selecci\u00f3n argentina sali\u00f3 al cruce del futbolista de Colo Colo, quien\u00a0en [&hellip;]<\/p>\n","protected":false},"author":2,"featured_media":11537,"comment_status":"open","ping_status":"open","sticky":false,"template":"","format":"standard","meta":{"footnotes":""},"categories":[14],"tags":[],"_links":{"self":[{"href":"https:\/\/enlamira.info\/index.php\/wp-json\/wp\/v2\/posts\/11535"}],"collection":[{"href":"https:\/\/enlamira.info\/index.php\/wp-json\/wp\/v2\/posts"}],"about":[{"href":"https:\/\/enlamira.info\/index.php\/wp-json\/wp\/v2\/types\/post"}],"author":[{"embeddable":true,"href":"https:\/\/enlamira.info\/index.php\/wp-json\/wp\/v2\/users\/2"}],"replies":[{"embeddable":true,"href":"https:\/\/enlamira.info\/index.php\/wp-json\/wp\/v2\/comments?post=11535"}],"version-history":[{"count":1,"href":"https:\/\/enlamira.info\/index.php\/wp-json\/wp\/v2\/posts\/11535\/revisions"}],"predecessor-version":[{"id":11536,"href":"https:\/\/enlamira.info\/index.php\/wp-json\/wp\/v2\/posts\/11535\/revisions\/11536"}],"wp:featuredmedia":[{"embeddable":true,"href":"https:\/\/enlamira.info\/index.php\/wp-json\/wp\/v2\/media\/11537"}],"wp:attachment":[{"href":"https:\/\/enlamira.info\/index.php\/wp-json\/wp\/v2\/media?parent=11535"}],"wp:term":[{"taxonomy":"category","embeddable":true,"href":"https:\/\/enlamira.info\/index.php\/wp-json\/wp\/v2\/categories?post=11535"},{"taxonomy":"post_tag","embeddable":true,"href":"https:\/\/enlamira.info\/index.php\/wp-json\/wp\/v2\/tags?post=11535"}],"curies":[{"name":"wp","href":"https:\/\/api.w.org\/{rel}","templated":true}]}}