{"id":11517,"date":"2024-10-04T00:07:31","date_gmt":"2024-10-04T03:07:31","guid":{"rendered":"https:\/\/enlamira.info\/?p=11517"},"modified":"2024-10-04T00:15:34","modified_gmt":"2024-10-04T03:15:34","slug":"conflicto-en-medio-oriente-cancilleria-confirmo-el-rescate-de-tres-argentinos-del-libano","status":"publish","type":"post","link":"https:\/\/enlamira.info\/index.php\/2024\/10\/04\/conflicto-en-medio-oriente-cancilleria-confirmo-el-rescate-de-tres-argentinos-del-libano\/","title":{"rendered":"Conflicto en Medio Oriente: Canciller\u00eda confirm\u00f3 el rescate de tres argentinos del L\u00edbano"},"content":{"rendered":"\n<p>El Ministerio de Relaciones Exteriores le agradeci\u00f3, a trav\u00e9s de un comunicado, al gobierno de Espa\u00f1a por prestar colaboraci\u00f3n en la evacuaci\u00f3n.El Ministerio de Relaciones Exteriores inform\u00f3\u00a0este jueves que, con la ayuda del gobierno de Espa\u00f1a,\u00a0se logr\u00f3 evacuar a tres\u00a0ciudadanos argentinos\u00a0del L\u00edbano\u00a0en medio del conflicto armado entre Israel y el grupo terrorista\u00a0Hezbollah. La evacuaci\u00f3n fue coordinada en un operativo que culmin\u00f3 exitosamente con la llegada de los tres argentinos a Madrid. En un comunicado en X, Canciller\u00eda agradeci\u00f3 la colaboraci\u00f3n espa\u00f1ola, afirmando que \u201csigue atentamente la evoluci\u00f3n de la situaci\u00f3n para continuar trabajando en conjunto con la comunidad internacional\u201d.<\/p>\n\n\n\n<p>El comunicado no brind\u00f3 detalles sobre la identidad o residencia de los evacuados en el\u00a0L\u00edbano. Esta operaci\u00f3n tiene lugar en medio de las\u00a0tensiones diplom\u00e1ticas entre Argentina y Espa\u00f1a, marcadas por un entredicho entre el presidente\u00a0 Javier Milei, y su hom\u00f3logo espa\u00f1ol, Pedro S\u00e1nchez. El conflicto escal\u00f3 hasta el retiro de la embajadora espa\u00f1ola en Buenos Aires.<\/p>\n\n\n\n<p>El L\u00edbano est\u00e1 actualmente inmerso en\u00a0combates entre Hezbollah e\u00a0Israel, especialmente en la zona fronteriza. Israel tambi\u00e9n bombarde\u00f3 varias \u00e1reas de Beirut, donde Hezbollah utiliza infraestructura militar financiada y armada por Ir\u00e1n.<\/p>\n\n\n\n<p>La crisis en la regi\u00f3n se intensific\u00f3 tras el\u00a0lanzamiento de 180 misiles por parte de Ir\u00e1n sobre Israel, en un conflicto que revive las tensiones tras el brutal ataque de Hamas en octubre de 2023. En aquel evento tr\u00e1gico,\u00a0la organizaci\u00f3n terrorista mat\u00f3 a 1.200 personas y secuestr\u00f3 a 240\u00a0en el sur de Israel, lo que marc\u00f3 un punto \u00e1lgido en las hostilidades.<\/p>\n","protected":false},"excerpt":{"rendered":"<p>El Ministerio de Relaciones Exteriores le agradeci\u00f3, a trav\u00e9s de un comunicado, al gobierno de Espa\u00f1a por prestar colaboraci\u00f3n en la evacuaci\u00f3n.El Ministerio de Relaciones Exteriores inform\u00f3\u00a0este jueves que, con la ayuda del gobierno de Espa\u00f1a,\u00a0se logr\u00f3 evacuar a tres\u00a0ciudadanos argentinos\u00a0del L\u00edbano\u00a0en medio del conflicto armado entre Israel y el grupo terrorista\u00a0Hezbollah. La evacuaci\u00f3n fue [&hellip;]<\/p>\n","protected":false},"author":2,"featured_media":11519,"comment_status":"open","ping_status":"open","sticky":false,"template":"","format":"standard","meta":{"footnotes":""},"categories":[30],"tags":[],"_links":{"self":[{"href":"https:\/\/enlamira.info\/index.php\/wp-json\/wp\/v2\/posts\/11517"}],"collection":[{"href":"https:\/\/enlamira.info\/index.php\/wp-json\/wp\/v2\/posts"}],"about":[{"href":"https:\/\/enlamira.info\/index.php\/wp-json\/wp\/v2\/types\/post"}],"author":[{"embeddable":true,"href":"https:\/\/enlamira.info\/index.php\/wp-json\/wp\/v2\/users\/2"}],"replies":[{"embeddable":true,"href":"https:\/\/enlamira.info\/index.php\/wp-json\/wp\/v2\/comments?post=11517"}],"version-history":[{"count":1,"href":"https:\/\/enlamira.info\/index.php\/wp-json\/wp\/v2\/posts\/11517\/revisions"}],"predecessor-version":[{"id":11518,"href":"https:\/\/enlamira.info\/index.php\/wp-json\/wp\/v2\/posts\/11517\/revisions\/11518"}],"wp:featuredmedia":[{"embeddable":true,"href":"https:\/\/enlamira.info\/index.php\/wp-json\/wp\/v2\/media\/11519"}],"wp:attachment":[{"href":"https:\/\/enlamira.info\/index.php\/wp-json\/wp\/v2\/media?parent=11517"}],"wp:term":[{"taxonomy":"category","embeddable":true,"href":"https:\/\/enlamira.info\/index.php\/wp-json\/wp\/v2\/categories?post=11517"},{"taxonomy":"post_tag","embeddable":true,"href":"https:\/\/enlamira.info\/index.php\/wp-json\/wp\/v2\/tags?post=11517"}],"curies":[{"name":"wp","href":"https:\/\/api.w.org\/{rel}","templated":true}]}}