{"id":11507,"date":"2024-10-04T00:03:52","date_gmt":"2024-10-04T03:03:52","guid":{"rendered":"https:\/\/enlamira.info\/?p=11507"},"modified":"2024-10-04T00:17:41","modified_gmt":"2024-10-04T03:17:41","slug":"atencion-boca-edinson-cavani-confirmo-como-sera-el-futuro-de-su-carrera","status":"publish","type":"post","link":"https:\/\/enlamira.info\/index.php\/2024\/10\/04\/atencion-boca-edinson-cavani-confirmo-como-sera-el-futuro-de-su-carrera\/","title":{"rendered":"Atenci\u00f3n Boca: Edinson Cavani confirm\u00f3 c\u00f3mo ser\u00e1 el futuro de su carrera"},"content":{"rendered":"\n<p>El delantero uruguayo renovar\u00e1 el contrato con Boca Juniors y es muy probable que sea el \u00faltimo club de su extensa carrera como jugador.<\/p>\n\n\n\n<p>Luego de algunas semanas de negociaci\u00f3n, todo parece indicar que\u00a0Edinson Cavani\u00a0renovar\u00e1 su contrato con\u00a0Boca Juniors\u00a0hasta diciembre del\u00a02025\u00a0y con posibilidad de extenderlo hasta\u00a02026. De esta manera el artillero uruguayo confirma que su intenci\u00f3n es retirarse en\u00a0La Bombonera\u00a0despu\u00e9s de una importante carrera en el f\u00fatbol europeo y con su\u00a0Selecci\u00f3n Uruguaya.<\/p>\n\n\n\n<p>El v\u00ednculo del delantero nacido en Salto termina a finales de este a\u00f1o pero en breve estampar\u00e1 la firma y se har\u00e1 oficial la extensi\u00f3n.<\/p>\n\n\n\n<p>El\u00a0Matador\u00a0acept\u00f3 la oferta del\u00a0Consejo del F\u00fatbol\u00a0para empezar a aclarar su futuro como as\u00ed tambi\u00e9n confirmar que buscar\u00e1 nuevos desaf\u00edos con la camiseta azul y oro, mientras se espera el\u00a0anuncio de\u00a0Fernando Gago\u00a0como nuevo entrenador\u00a0tras la salida de\u00a0Diego Mart\u00ednez.<\/p>\n\n\n\n<p>Obviamente el deseo del ex\u00a0Par\u00eds Saint-Germain\u00a0es jugar la\u00a0Copa Libertadores\u00a0y para eso el\u00a0Xeneize\u00a0deber\u00e1 sumar bastante de ac\u00e1 a fin de a\u00f1o para clasificar por la\u00a0Tabla Anual o salir campe\u00f3n de la Copa Argentina\u00a0para obtener la clasificaci\u00f3n pero sobre todo una peque\u00f1a sonrisa tras un flojo\u00a02024\u00a0del elenco de\u00a0La Ribera.<\/p>\n\n\n\n<p>De esta manera uno de los referentes y pilares en los pr\u00f3ximos d\u00edas pondr\u00e1 la firma y se har\u00e1 oficial esta noticia que trae un poco de calma en medio de tanto caos para Boca. Adem\u00e1s con la salida de\u00a0Pol Fern\u00e1ndez\u00a0en diciembre sumado a que\u00a0Marcos Rojo y Sergio Romero\u00a0podr\u00edan tomar el mismo camino, salvo un cambio de decisi\u00f3n del nuevo entrenador,\u00a0Cavani\u00a0quedar\u00e1 como uno de los pesos pesados en el vestuario para comandar a los m\u00e1s jovenes en al menos un a\u00f1o m\u00e1s.<\/p>\n","protected":false},"excerpt":{"rendered":"<p>El delantero uruguayo renovar\u00e1 el contrato con Boca Juniors y es muy probable que sea el \u00faltimo club de su extensa carrera como jugador. Luego de algunas semanas de negociaci\u00f3n, todo parece indicar que\u00a0Edinson Cavani\u00a0renovar\u00e1 su contrato con\u00a0Boca Juniors\u00a0hasta diciembre del\u00a02025\u00a0y con posibilidad de extenderlo hasta\u00a02026. De esta manera el artillero uruguayo confirma que su [&hellip;]<\/p>\n","protected":false},"author":2,"featured_media":11509,"comment_status":"open","ping_status":"open","sticky":false,"template":"","format":"standard","meta":{"footnotes":""},"categories":[14],"tags":[],"_links":{"self":[{"href":"https:\/\/enlamira.info\/index.php\/wp-json\/wp\/v2\/posts\/11507"}],"collection":[{"href":"https:\/\/enlamira.info\/index.php\/wp-json\/wp\/v2\/posts"}],"about":[{"href":"https:\/\/enlamira.info\/index.php\/wp-json\/wp\/v2\/types\/post"}],"author":[{"embeddable":true,"href":"https:\/\/enlamira.info\/index.php\/wp-json\/wp\/v2\/users\/2"}],"replies":[{"embeddable":true,"href":"https:\/\/enlamira.info\/index.php\/wp-json\/wp\/v2\/comments?post=11507"}],"version-history":[{"count":1,"href":"https:\/\/enlamira.info\/index.php\/wp-json\/wp\/v2\/posts\/11507\/revisions"}],"predecessor-version":[{"id":11508,"href":"https:\/\/enlamira.info\/index.php\/wp-json\/wp\/v2\/posts\/11507\/revisions\/11508"}],"wp:featuredmedia":[{"embeddable":true,"href":"https:\/\/enlamira.info\/index.php\/wp-json\/wp\/v2\/media\/11509"}],"wp:attachment":[{"href":"https:\/\/enlamira.info\/index.php\/wp-json\/wp\/v2\/media?parent=11507"}],"wp:term":[{"taxonomy":"category","embeddable":true,"href":"https:\/\/enlamira.info\/index.php\/wp-json\/wp\/v2\/categories?post=11507"},{"taxonomy":"post_tag","embeddable":true,"href":"https:\/\/enlamira.info\/index.php\/wp-json\/wp\/v2\/tags?post=11507"}],"curies":[{"name":"wp","href":"https:\/\/api.w.org\/{rel}","templated":true}]}}