{"id":1146,"date":"2024-03-15T11:21:09","date_gmt":"2024-03-15T14:21:09","guid":{"rendered":"https:\/\/enlamira.info\/?p=1146"},"modified":"2024-03-15T12:01:53","modified_gmt":"2024-03-15T15:01:53","slug":"salio-la-sancion-a-tevez-luego-de-sus-dichos-contra-el-arbitro-dovalo","status":"publish","type":"post","link":"https:\/\/enlamira.info\/index.php\/2024\/03\/15\/salio-la-sancion-a-tevez-luego-de-sus-dichos-contra-el-arbitro-dovalo\/","title":{"rendered":"Sali\u00f3 la sanci\u00f3n a Tevez luego de sus dichos contra el \u00e1rbitro D\u00f3valo"},"content":{"rendered":"\n<p>\u201cNos cagaron\u201d, hab\u00eda dicho el DT de Independiente. El juez le inici\u00f3 acciones legales.<\/p>\n\n\n\n<p>El Tribunal de Disciplina de la Asociaci\u00f3n del F\u00fatbol Argentino notific\u00f3 la\u00a0sanci\u00f3n a Carlos Tevez luego de sus\u00a0dichos contra el \u00e1rbitro Pablo D\u00f3valo.<\/p>\n\n\n\n<p>El t\u00e9cnico de Independiente fue&nbsp;suspendido por dos partidos&nbsp;tras sus declaraciones en conferencia de prensa post el escandaloso partido con Barracas Central.<\/p>\n\n\n\n<p>Sin embargo,<em>&nbsp;el Apache<\/em>&nbsp;tiene la&nbsp;opci\u00f3n de pagar una multa de 455 mil pesos&nbsp;y decir presente en el banco de suplentes este viernes ante Deportivo Riestra.<\/p>\n\n\n\n<p>La sanci\u00f3n dispuesta por el Tribunal es por \u201cdeclaraciones period\u00edsticas inadecuadas\u201d, en funci\u00f3n de lo establecido en los art\u00edculos 195 y 260\/1 del Reglamento Disciplinario.<\/p>\n\n\n\n<p>Por otro camino va la judicializaci\u00f3n de D\u00f3valo, quien le envi\u00f3 una carta documento a Tevez con el apoyo de Federico Beligoy y la Asociaci\u00f3n Argentina de \u00c1rbitros (AAA).<\/p>\n\n\n\n<p>\u00bfQu\u00e9 hab\u00eda dicho Tevez?&nbsp;El DT lanz\u00f3 explosivas declaraciones en rueda de prensa en la cancha de Hurac\u00e1n:&nbsp;\u201cNos cagaron y sab\u00edamos que iba a pasar. Es como que un chorro te avise que te va a robar y va y te roba\u201d. Tambi\u00e9n dijo&nbsp;\u201cJugamos contra 14\u201d.<\/p>\n\n\n\n<p>Lejos de calmar los \u00e1nimos, el \u00eddolo de Boca sigui\u00f3 con su enfrentamiento con el \u00e1rbitro por redes sociales.<\/p>\n","protected":false},"excerpt":{"rendered":"<p>\u201cNos cagaron\u201d, hab\u00eda dicho el DT de Independiente. El juez le inici\u00f3 acciones legales. El Tribunal de Disciplina de la Asociaci\u00f3n del F\u00fatbol Argentino notific\u00f3 la\u00a0sanci\u00f3n a Carlos Tevez luego de sus\u00a0dichos contra el \u00e1rbitro Pablo D\u00f3valo. El t\u00e9cnico de Independiente fue&nbsp;suspendido por dos partidos&nbsp;tras sus declaraciones en conferencia de prensa post el escandaloso partido [&hellip;]<\/p>\n","protected":false},"author":2,"featured_media":1149,"comment_status":"open","ping_status":"open","sticky":false,"template":"","format":"standard","meta":{"footnotes":""},"categories":[14],"tags":[],"_links":{"self":[{"href":"https:\/\/enlamira.info\/index.php\/wp-json\/wp\/v2\/posts\/1146"}],"collection":[{"href":"https:\/\/enlamira.info\/index.php\/wp-json\/wp\/v2\/posts"}],"about":[{"href":"https:\/\/enlamira.info\/index.php\/wp-json\/wp\/v2\/types\/post"}],"author":[{"embeddable":true,"href":"https:\/\/enlamira.info\/index.php\/wp-json\/wp\/v2\/users\/2"}],"replies":[{"embeddable":true,"href":"https:\/\/enlamira.info\/index.php\/wp-json\/wp\/v2\/comments?post=1146"}],"version-history":[{"count":3,"href":"https:\/\/enlamira.info\/index.php\/wp-json\/wp\/v2\/posts\/1146\/revisions"}],"predecessor-version":[{"id":1238,"href":"https:\/\/enlamira.info\/index.php\/wp-json\/wp\/v2\/posts\/1146\/revisions\/1238"}],"wp:featuredmedia":[{"embeddable":true,"href":"https:\/\/enlamira.info\/index.php\/wp-json\/wp\/v2\/media\/1149"}],"wp:attachment":[{"href":"https:\/\/enlamira.info\/index.php\/wp-json\/wp\/v2\/media?parent=1146"}],"wp:term":[{"taxonomy":"category","embeddable":true,"href":"https:\/\/enlamira.info\/index.php\/wp-json\/wp\/v2\/categories?post=1146"},{"taxonomy":"post_tag","embeddable":true,"href":"https:\/\/enlamira.info\/index.php\/wp-json\/wp\/v2\/tags?post=1146"}],"curies":[{"name":"wp","href":"https:\/\/api.w.org\/{rel}","templated":true}]}}