{"id":11380,"date":"2024-10-01T08:13:19","date_gmt":"2024-10-01T11:13:19","guid":{"rendered":"https:\/\/enlamira.info\/?p=11380"},"modified":"2024-10-01T08:29:45","modified_gmt":"2024-10-01T11:29:45","slug":"el-amor-de-un-pediatra-en-un-barrio-la-historia-de-valentin-garcia","status":"publish","type":"post","link":"https:\/\/enlamira.info\/index.php\/2024\/10\/01\/el-amor-de-un-pediatra-en-un-barrio-la-historia-de-valentin-garcia\/","title":{"rendered":"El amor de un pediatra en un barrio: La historia de Valent\u00edn Garc\u00eda"},"content":{"rendered":"\n<p>En una reciente entrevista en el programa &#8220;Diga 33&#8221;, conducido por el Dr. Juan Jos\u00e9 San Pedro y transmitido los lunes a las 18hs por FM Secla 106.1MHz, el joven pediatra Dr. Valent\u00edn Garc\u00eda, de la Unidad Sanitaria de Villa Inflamable, &nbsp;comparti\u00f3 detalles sobre su trayectoria y vocaci\u00f3n.<\/p>\n\n\n\n<p>Sus inicios en la medicina<\/p>\n\n\n\n<p>Valent\u00edn Garc\u00eda se refiri\u00f3 a sus inicios en la medicina: &#8220;Estudi\u00e9 el CBC y luego hice la residencia en Casa Cuna (Elizalde) y en el Hospital Fiorito las practicas de la carrera.&#8221;. Garc\u00eda se recibi\u00f3 como m\u00e9dico en el a\u00f1o 2013, completando su formaci\u00f3n en el Fiorito. &#8220;En la carrera tenemos m\u00e1s o menos la mitad dentro de la facultad y la otra mitad en las pr\u00e1cticas en hospitales. Yo eleg\u00ed hacerlo en el Fiorito&#8221;, explic\u00f3.<\/p>\n\n\n\n<figure class=\"wp-block-image size-large\"><img loading=\"lazy\" decoding=\"async\" width=\"1024\" height=\"576\" src=\"https:\/\/enlamira.info\/wp-content\/uploads\/2024\/10\/b7741b8d-9fc2-4b6f-b6c6-2560af1326fc-1024x576.jpg\" alt=\"\" class=\"wp-image-11382\" srcset=\"https:\/\/enlamira.info\/wp-content\/uploads\/2024\/10\/b7741b8d-9fc2-4b6f-b6c6-2560af1326fc-1024x576.jpg 1024w, https:\/\/enlamira.info\/wp-content\/uploads\/2024\/10\/b7741b8d-9fc2-4b6f-b6c6-2560af1326fc-300x169.jpg 300w, https:\/\/enlamira.info\/wp-content\/uploads\/2024\/10\/b7741b8d-9fc2-4b6f-b6c6-2560af1326fc-768x432.jpg 768w, https:\/\/enlamira.info\/wp-content\/uploads\/2024\/10\/b7741b8d-9fc2-4b6f-b6c6-2560af1326fc-1536x864.jpg 1536w, https:\/\/enlamira.info\/wp-content\/uploads\/2024\/10\/b7741b8d-9fc2-4b6f-b6c6-2560af1326fc.jpg 1600w\" sizes=\"(max-width: 1024px) 100vw, 1024px\" \/><\/figure>\n\n\n\n<p>La vocaci\u00f3n desde la infancia<\/p>\n\n\n\n<p>Garc\u00eda relat\u00f3 c\u00f3mo naci\u00f3 su vocaci\u00f3n: &#8220;De chico jugaba al b\u00e1squet en Independiente de Avellaneda. En un primer momento quer\u00eda estudiar kinesiolog\u00eda, pero al final me decid\u00ed por la medicina. Fue como un desaf\u00edo&#8221;. A pesar de no tener familiares en el campo de la salud, ya que su padre es arquitecto y su madre contadora, Garc\u00eda encontr\u00f3 su camino en la medicina.<\/p>\n\n\n\n<p>El rol de la unidad sanitaria<\/p>\n\n\n\n<p>El doctor explic\u00f3 la importancia de las unidades sanitarias: &#8220;\u00bfUno va a la unidad sanitaria cuando me corto una mano, cuando me duele la panza o cuando me abro la cabeza? Bueno, est\u00e1 m\u00e1s que estudiado que la mayor\u00eda de los problemas en t\u00e9rminos de salud se resuelven en la atenci\u00f3n primaria. Es un lugar con anclaje en el territorio, con conocimiento de las personas que viven all\u00ed. Tiende a resolver tanto los controles de salud, en mi caso de ni\u00f1o sano, como la atenci\u00f3n de embarazadas y adultos con problemas de baja complejidad&#8221;.<\/p>\n\n\n\n<p>La lucha contra el dengue<\/p>\n\n\n\n<p>Garc\u00eda tambi\u00e9n destac\u00f3 la importancia de la prevenci\u00f3n en enfermedades como el dengue: &#8220;El dengue es como el prototipo de enfermedad que hay que atender desde la promoci\u00f3n y la prevenci\u00f3n. Es todo lo que es el casa por casa, la charla con los vecinos en relaci\u00f3n a cu\u00e1les son las medidas que se pueden tomar de un modo individual en su casa con el descacharreo y las pautas de alarma&#8221;.<\/p>\n\n\n\n<p>Desigualdad y salud<\/p>\n\n\n\n<p>El pediatra reflexion\u00f3 sobre las desigualdades en la sociedad y su impacto en en la salud: &#8220;Como profesional de la salud, creo que es necesario que nos replanteemos nuestra formaci\u00f3n m\u00e9dica. Est\u00e1 muy orientada a lo que se llama la biomedicina y poco orientada a lo social. Lo social determina lo biol\u00f3gico, y nosotros tenemos que atacar desde la consecuencia de eso, no desde la formaci\u00f3n y no desde c\u00f3mo abordamos las causas&#8221;.<\/p>\n\n\n\n<p>Contaminaci\u00f3n y salud<\/p>\n\n\n\n<p>Garc\u00eda habl\u00f3 sobre la problem\u00e1tica ambiental en los barrios: &#8220;En el territorio, sobre todo en inflamable tenemos la problem\u00e1tica ambiental. Esto impacta en la salud, causando muchos problemas de piel y respiratorios. Las condiciones de vivienda, como la humedad, tambi\u00e9n afectan. En Villa Inflamable, por ejemplo, las napas est\u00e1n muy altas, lo que genera humedad constante en las casas&#8221;. Y agrego \u201cel otro tema que se atiende es plomo en sangre, que se monitorea permanentemente\u201d,<\/p>\n\n\n\n<p>Urgente e importante<\/p>\n\n\n\n<p>Garc\u00eda subray\u00f3 la importancia de equilibrar lo urgente y lo importante: &#8220;Lo urgente es lo importante y creo que son las dos cosas. A veces nos pasa que nos vamos corriendo atr\u00e1s de lo inmediato y entras en una arena movediza de la que no terminas de salir. No puedes atacar todo al mismo momento&#8221;.<\/p>\n\n\n\n<p>El amor como motor<\/p>\n\n\n\n<p>Finalmente, Garc\u00eda habl\u00f3 sobre lo que lo motiva a trabajar en los barrios: &#8220;Lo que moviliza a un m\u00e9dico de barrio en una unidad sanitaria es el amor, siempre el amor, la paciencia, la comprensi\u00f3n. Me parece que si no existe esa cuota es muy complejo. El amor viene del lado de la paciencia, de la comprensi\u00f3n, de la empat\u00eda. Esa es la pata principal de un m\u00e9dico que quiere estar trabajando en ese barrio&#8221;.<\/p>\n\n\n\n<p>D\u00edas y horarios de atenci\u00f3n<\/p>\n\n\n\n<p>Garc\u00eda detall\u00f3 sus d\u00edas y horarios de atenci\u00f3n: &#8220;Estoy en la unidad sanitaria San Mart\u00edn de Porres de Villa Inflamable los lunes de 8 a 17, los martes por la ma\u00f1ana y los jueves por la tarde. Los mi\u00e9rcoles estoy todo el d\u00eda en la U.S. Isla Maciel y los viernes cada 15 d\u00edas en la USAL en Benedetti. La demanda es alta y ser\u00eda ideal contar con otro pediatra para atender a todos los chicos del barrio&#8221;.<\/p>\n\n\n\n<p>*Agradecemos el gran aporte a producci\u00f3n del Voluntario de Cruz Roja Avellaneda Sr. Santiago Condis, quien colabor\u00f3 para que esta entrevista se lleve adelante. <\/p>\n\n\n\n<p><\/p>\n\n\n\n<p>ESCUCH\u00c1 LA ENTREVISTA COMPLETA <a href=\"https:\/\/ar.radiocut.fm\/audiocut\/diga-33-programa-completo-30-septiembre-2024\/\">DIGA 33. PROGRAMA COMPLETO 30 DE SEPTIEMBRE 2024 | RadioCut Argentina<\/a><a href=\"https:\/\/ar.radiocut.fm\/audiocut\/diga-33-programa-completo-30-septiembre-2024\/\" data-type=\"link\" data-id=\"https:\/\/ar.radiocut.fm\/audiocut\/diga-33-programa-completo-30-septiembre-2024\/\">https:\/\/ar.radiocut.fm\/audiocut\/diga-33-programa-completo-30-septiembre-2024\/<\/a><\/p>\n","protected":false},"excerpt":{"rendered":"<p>En una reciente entrevista en el programa &#8220;Diga 33&#8221;, conducido por el Dr. Juan Jos\u00e9 San Pedro y transmitido los lunes a las 18hs por FM Secla 106.1MHz, el joven pediatra Dr. Valent\u00edn Garc\u00eda, de la Unidad Sanitaria de Villa Inflamable, &nbsp;comparti\u00f3 detalles sobre su trayectoria y vocaci\u00f3n. Sus inicios en la medicina Valent\u00edn Garc\u00eda [&hellip;]<\/p>\n","protected":false},"author":2,"featured_media":11381,"comment_status":"open","ping_status":"open","sticky":false,"template":"","format":"standard","meta":{"footnotes":""},"categories":[1,23],"tags":[163,414,412,43,168,169,411,415,129,417,418,419,416,413],"_links":{"self":[{"href":"https:\/\/enlamira.info\/index.php\/wp-json\/wp\/v2\/posts\/11380"}],"collection":[{"href":"https:\/\/enlamira.info\/index.php\/wp-json\/wp\/v2\/posts"}],"about":[{"href":"https:\/\/enlamira.info\/index.php\/wp-json\/wp\/v2\/types\/post"}],"author":[{"embeddable":true,"href":"https:\/\/enlamira.info\/index.php\/wp-json\/wp\/v2\/users\/2"}],"replies":[{"embeddable":true,"href":"https:\/\/enlamira.info\/index.php\/wp-json\/wp\/v2\/comments?post=11380"}],"version-history":[{"count":6,"href":"https:\/\/enlamira.info\/index.php\/wp-json\/wp\/v2\/posts\/11380\/revisions"}],"predecessor-version":[{"id":11388,"href":"https:\/\/enlamira.info\/index.php\/wp-json\/wp\/v2\/posts\/11380\/revisions\/11388"}],"wp:featuredmedia":[{"embeddable":true,"href":"https:\/\/enlamira.info\/index.php\/wp-json\/wp\/v2\/media\/11381"}],"wp:attachment":[{"href":"https:\/\/enlamira.info\/index.php\/wp-json\/wp\/v2\/media?parent=11380"}],"wp:term":[{"taxonomy":"category","embeddable":true,"href":"https:\/\/enlamira.info\/index.php\/wp-json\/wp\/v2\/categories?post=11380"},{"taxonomy":"post_tag","embeddable":true,"href":"https:\/\/enlamira.info\/index.php\/wp-json\/wp\/v2\/tags?post=11380"}],"curies":[{"name":"wp","href":"https:\/\/api.w.org\/{rel}","templated":true}]}}