{"id":11340,"date":"2024-09-30T23:15:37","date_gmt":"2024-10-01T02:15:37","guid":{"rendered":"https:\/\/enlamira.info\/?p=11340"},"modified":"2024-09-30T23:32:53","modified_gmt":"2024-10-01T02:32:53","slug":"omar-palma-leyenda-de-rosario-central-fue-internado-cual-es-su-estado-de-salud","status":"publish","type":"post","link":"https:\/\/enlamira.info\/index.php\/2024\/09\/30\/omar-palma-leyenda-de-rosario-central-fue-internado-cual-es-su-estado-de-salud\/","title":{"rendered":"Omar Palma, leyenda de Rosario Central, fue internado: cu\u00e1l es su estado de salud"},"content":{"rendered":"\n<p>El club Canalla emiti\u00f3 un parte m\u00e9dico del Negro Palma esta tarde. Su estado es \u201cgrave\u201d.<\/p>\n\n\n\n<p>Triste noticia este lunes en Rosario por la salud de Omar Palma. Una de las m\u00e1ximas leyendas de Rosario Central se descompens\u00f3 este lunes en su casa y fue hospitalizado en grave estado: Al\u00a0<em>Negro<\/em>\u00a0se le hacen estudios para confirmar si tuvo un ACV.<\/p>\n\n\n\n<p>Palma es el jugador m\u00e1s ganador en la historia de Central si se cuentan los torneos de AFA y CONMEBOL, por eso el shock del pueblo\u00a0Canalla.\u00a0El mediocampista fue campe\u00f3n en tres ocasiones (Nacional 1980, el Campeonato 1986\/87 y la Copa CONMEBOL 1995) y tambi\u00e9n logr\u00f3 el ascenso a la Primera Divisi\u00f3n en 1985.<\/p>\n\n\n\n<p>\u201cUn leyenda para el club de Arroyito. Un diez fant\u00e1stico, de galera y bast\u00f3n, pero que nunca le escap\u00f3 al sacrificio. Un talentoso con un panorama de juego que todav\u00eda est\u00e1 grabado en la memoria del pueblo auriazul\u201d, lo describe&nbsp;<em>Ovaci\u00f3n<\/em>, suplemento del diario local<em>&nbsp;La Capital.<\/em><\/p>\n\n\n\n<p>El vicepresidente del club, Adri\u00e1n Maglia, fue el primero en dar declaraciones oficiales este mediod\u00eda en&nbsp;<em>Cadena 3<\/em>: \u201cIngres\u00f3 al Hospital Eva Per\u00f3n con un cuadro complicado a nivel cerebral. Pas\u00f3 hoy a la ma\u00f1ana. No se sab\u00eda si se trasladaba al Centenario. Iban a tomar una decisi\u00f3n, pero estamos muy preocupados y lo que se tiene que hacer se est\u00e1 haciendo\u201d.<\/p>\n\n\n\n<p>El ex jugador se encontraba en su hogar en Ybarlucea. Finalmente Palma s\u00ed fue trasladado al hospital Centenario.<\/p>\n\n\n\n<h3 class=\"wp-block-heading\">El parte m\u00e9dico de Rosario Central<\/h3>\n\n\n\n<p>Por la tarde, pasadas las 18.00 horas, Rosario Central emiti\u00f3 un comunicado que fue publicado en las redes sociales: \u201cEl paciente Omar Palma, de 66 a\u00f1os, ingres\u00f3 al Hospital Italiano de Rosario en el d\u00eda de la fecha, lunes 30 de septiembre de 2024, y fue derivado a la Unidad de Terapia Intensiva\u201d.<\/p>\n\n\n\n<p>\u201cActualmente su estado es grave y su pron\u00f3stico es reservado\u201d, cierra el escrito.<\/p>\n","protected":false},"excerpt":{"rendered":"<p>El club Canalla emiti\u00f3 un parte m\u00e9dico del Negro Palma esta tarde. Su estado es \u201cgrave\u201d. Triste noticia este lunes en Rosario por la salud de Omar Palma. Una de las m\u00e1ximas leyendas de Rosario Central se descompens\u00f3 este lunes en su casa y fue hospitalizado en grave estado: Al\u00a0Negro\u00a0se le hacen estudios para confirmar [&hellip;]<\/p>\n","protected":false},"author":2,"featured_media":11342,"comment_status":"open","ping_status":"open","sticky":false,"template":"","format":"standard","meta":{"footnotes":""},"categories":[14],"tags":[],"_links":{"self":[{"href":"https:\/\/enlamira.info\/index.php\/wp-json\/wp\/v2\/posts\/11340"}],"collection":[{"href":"https:\/\/enlamira.info\/index.php\/wp-json\/wp\/v2\/posts"}],"about":[{"href":"https:\/\/enlamira.info\/index.php\/wp-json\/wp\/v2\/types\/post"}],"author":[{"embeddable":true,"href":"https:\/\/enlamira.info\/index.php\/wp-json\/wp\/v2\/users\/2"}],"replies":[{"embeddable":true,"href":"https:\/\/enlamira.info\/index.php\/wp-json\/wp\/v2\/comments?post=11340"}],"version-history":[{"count":1,"href":"https:\/\/enlamira.info\/index.php\/wp-json\/wp\/v2\/posts\/11340\/revisions"}],"predecessor-version":[{"id":11341,"href":"https:\/\/enlamira.info\/index.php\/wp-json\/wp\/v2\/posts\/11340\/revisions\/11341"}],"wp:featuredmedia":[{"embeddable":true,"href":"https:\/\/enlamira.info\/index.php\/wp-json\/wp\/v2\/media\/11342"}],"wp:attachment":[{"href":"https:\/\/enlamira.info\/index.php\/wp-json\/wp\/v2\/media?parent=11340"}],"wp:term":[{"taxonomy":"category","embeddable":true,"href":"https:\/\/enlamira.info\/index.php\/wp-json\/wp\/v2\/categories?post=11340"},{"taxonomy":"post_tag","embeddable":true,"href":"https:\/\/enlamira.info\/index.php\/wp-json\/wp\/v2\/tags?post=11340"}],"curies":[{"name":"wp","href":"https:\/\/api.w.org\/{rel}","templated":true}]}}