{"id":11293,"date":"2024-09-28T23:42:18","date_gmt":"2024-09-29T02:42:18","guid":{"rendered":"https:\/\/enlamira.info\/?p=11293"},"modified":"2024-09-28T23:52:18","modified_gmt":"2024-09-29T02:52:18","slug":"goles-de-nicolas-otamendi-y-rollheiser-en-la-goleada-del-benfica-por-la-liga-de-portugal","status":"publish","type":"post","link":"https:\/\/enlamira.info\/index.php\/2024\/09\/28\/goles-de-nicolas-otamendi-y-rollheiser-en-la-goleada-del-benfica-por-la-liga-de-portugal\/","title":{"rendered":"Goles de Nicol\u00e1s Otamendi y Rollheiser en la goleada del Benfica por la Liga de Portugal"},"content":{"rendered":"\n<p>\u00c1ngel Di Mar\u00eda asisti\u00f3 al defensor y capit\u00e1n de Las \u00c1guilas, que vencieron 5-1 al Gil Vicente.<\/p>\n\n\n\n<p>Los argentinos pisan fuerte en el Benfica: Nicol\u00e1s Otamendi y Benjam\u00edn Rollheiser anotaron en la goleada 5-1 de\u00a0<em>Las \u00c1guilas\u00a0<\/em>como local\u00a0ante Gil Vicente, partido correspondiente a la s\u00e9ptima fecha de la Liga de Portugal.<\/p>\n\n\n\n<p>Benfica comenz\u00f3 sorpresivamente abajo en el marcador con el gol tempranero de Felix Correia, pero para el entretiempo logr\u00f3 enderezar el rumbo y se fue al descanso 2-1 arriba.\u00a0El primero de los goles, el del empate, fue de\u00a0<em>Ota<\/em>\u00a0de cabeza en un centro de Di Mar\u00eda.<\/p>\n\n\n\n<p><em>El General<\/em>\u00a0se\u00f1al\u00f3 a Angelito y lo fue a festejar con \u00e9l al c\u00f3rner, dandole la mitad del cr\u00e9dito del 1-1 parcial. El tanto para pasar arriba fue del turco Karem\u00a0Akturkoglu, uno de los refuerzos para esta temporada proveniente del Galatasaray.<\/p>\n\n\n\n<p>En la segunda mitad llovieron goles y la goleada se edific\u00f3: Zeki Amdouni, Florentino Luis y\u00a0Benjam\u00edn Rollheiser.\u00a0Tanto el ex Estudiantes de La Plata como\u00a0Gianluca Prestianni\u00a0ingresaron en el complemento con el partido ya definido.<\/p>\n\n\n\n<h3 class=\"wp-block-heading\">Posiciones en la Primeira Liga<\/h3>\n\n\n\n<ol>\n<li>Sporting Lisboa \u2013 21 puntos<\/li>\n\n\n\n<li>SL Benfica \u2013 16 puntos<\/li>\n\n\n\n<li>Porto \u2013 15 puntos<\/li>\n<\/ol>\n\n\n\n<h3 class=\"wp-block-heading\">Pr\u00f3ximos partidos de SL Benfica<\/h3>\n\n\n\n<ul>\n<li>Mi\u00e9rcoles 2 de octubre: Benfica vs. Atl\u00e9tico de Madrid (Champions League)<\/li>\n\n\n\n<li>Domingo 6 de octubre: Nacional vs. Benfica (Liga de Portugal)<\/li>\n\n\n\n<li>S\u00e1bado 19 de octubre: Pavidem vs. Benfica (Ta\u00e7a de Portugal)<\/li>\n<\/ul>\n","protected":false},"excerpt":{"rendered":"<p>\u00c1ngel Di Mar\u00eda asisti\u00f3 al defensor y capit\u00e1n de Las \u00c1guilas, que vencieron 5-1 al Gil Vicente. Los argentinos pisan fuerte en el Benfica: Nicol\u00e1s Otamendi y Benjam\u00edn Rollheiser anotaron en la goleada 5-1 de\u00a0Las \u00c1guilas\u00a0como local\u00a0ante Gil Vicente, partido correspondiente a la s\u00e9ptima fecha de la Liga de Portugal. Benfica comenz\u00f3 sorpresivamente abajo en [&hellip;]<\/p>\n","protected":false},"author":2,"featured_media":11295,"comment_status":"open","ping_status":"open","sticky":false,"template":"","format":"standard","meta":{"footnotes":""},"categories":[14],"tags":[],"_links":{"self":[{"href":"https:\/\/enlamira.info\/index.php\/wp-json\/wp\/v2\/posts\/11293"}],"collection":[{"href":"https:\/\/enlamira.info\/index.php\/wp-json\/wp\/v2\/posts"}],"about":[{"href":"https:\/\/enlamira.info\/index.php\/wp-json\/wp\/v2\/types\/post"}],"author":[{"embeddable":true,"href":"https:\/\/enlamira.info\/index.php\/wp-json\/wp\/v2\/users\/2"}],"replies":[{"embeddable":true,"href":"https:\/\/enlamira.info\/index.php\/wp-json\/wp\/v2\/comments?post=11293"}],"version-history":[{"count":1,"href":"https:\/\/enlamira.info\/index.php\/wp-json\/wp\/v2\/posts\/11293\/revisions"}],"predecessor-version":[{"id":11294,"href":"https:\/\/enlamira.info\/index.php\/wp-json\/wp\/v2\/posts\/11293\/revisions\/11294"}],"wp:featuredmedia":[{"embeddable":true,"href":"https:\/\/enlamira.info\/index.php\/wp-json\/wp\/v2\/media\/11295"}],"wp:attachment":[{"href":"https:\/\/enlamira.info\/index.php\/wp-json\/wp\/v2\/media?parent=11293"}],"wp:term":[{"taxonomy":"category","embeddable":true,"href":"https:\/\/enlamira.info\/index.php\/wp-json\/wp\/v2\/categories?post=11293"},{"taxonomy":"post_tag","embeddable":true,"href":"https:\/\/enlamira.info\/index.php\/wp-json\/wp\/v2\/tags?post=11293"}],"curies":[{"name":"wp","href":"https:\/\/api.w.org\/{rel}","templated":true}]}}