{"id":11290,"date":"2024-09-28T23:40:57","date_gmt":"2024-09-29T02:40:57","guid":{"rendered":"https:\/\/enlamira.info\/?p=11290"},"modified":"2024-09-28T23:52:46","modified_gmt":"2024-09-29T02:52:46","slug":"despues-de-estirar-la-agonia-diego-martinez-finalmente-se-fue-de-boca-presente-la-renuncia","status":"publish","type":"post","link":"https:\/\/enlamira.info\/index.php\/2024\/09\/28\/despues-de-estirar-la-agonia-diego-martinez-finalmente-se-fue-de-boca-presente-la-renuncia\/","title":{"rendered":"Despu\u00e9s de estirar la agon\u00eda, Diego Mart\u00ednez finalmente se fue de Boca: \u201cPresent\u00e9 la renuncia\u201d"},"content":{"rendered":"\n<p>En conferencia de prensa post derrota con Belgrano de C\u00f3rdoba el t\u00e9cnico comunic\u00f3 p\u00fablicamente su alejamiento.<\/p>\n\n\n\n<p>Despu\u00e9s de estirar la agon\u00eda esta semana, posterior a la derrota en el\u00a0Supercl\u00e1sico, Diego Mart\u00ednez finalmente se fue de Boca Juniors.\u00a0Belgrano de C\u00f3rdoba\u00a0le clav\u00f3 el \u00faltimo clavo al ata\u00fad del entrenador Xeneize en el Gigante de Alberdi.<\/p>\n\n\n\n<p>Posiblemente la continuidad en la semana de Mart\u00ednez haya sido para que su salida no sea responsabilidad de River. Este s\u00e1bado el equipo volvi\u00f3 a caer y el t\u00e9cnico decidi\u00f3 dar el paso al costado.\u00a0\u201cPresent\u00e9 la renuncia. Habl\u00e9 con el presidente, el Consejo de F\u00fatbol y despu\u00e9s con los futbolistas. No vamos a continuar en nuestra funci\u00f3n\u201d, dijo en una conferencia de prensa en la que no acept\u00f3 preguntas.<\/p>\n\n\n\n<p>M\u00e1s del&nbsp;<em>Gigolo<\/em>. \u201cAgradecido a la instituci\u00f3n, al presidente por confiar en m\u00ed para llevar adelante una idea. Creo que en este momento, m\u00e1s all\u00e1 de sentir que somos todos muy responsables, lo m\u00e1s sano y lo mejor para la instituci\u00f3n es que nosotros dejemos el cargo y que los muchachos puedan salir de este momento\u201d.<\/p>\n\n\n\n<p>El final de su discurso con el lamento: \u201cAgradezco a la gente por el cari\u00f1o incre\u00edble.\u00a0Les pido disculpas y les agradezco por lo que me brindaron estos nueve meses\u201d.<\/p>\n\n\n\n<h3 class=\"wp-block-heading\">Los n\u00fameros de Mart\u00ednez<\/h3>\n\n\n\n<p>Diego Mart\u00ednez, que lleg\u00f3 a Boca desde Hurac\u00e1n, no lleg\u00f3 al a\u00f1o en el cargo y dirigi\u00f3 un total de 45 partidos, ganando 20, empatando 15 y perdiendo en 10 ocasiones.<\/p>\n\n\n\n<h3 class=\"wp-block-heading\">Qui\u00e9n ser\u00e1 el t\u00e9cnico de Boca<\/h3>\n\n\n\n<p>Diego Mart\u00ednez es el quinto entrenador en cinco a\u00f1os de gesti\u00f3n de Riquelme -entre vicepresidencia en el primer mandato y presidencia actual-, m\u00e1s dos interinatos entremedio. Y el lunes comenzar\u00e1 el tercero\u2026<\/p>\n\n\n\n<p>No se sabe qui\u00e9n se har\u00e1 cargo del plantel profesional, que esta noche vuelve a Buenos Aires. El margen de maniobra de la dirigencia ser\u00e1 de 24 horas porque los jugadores tendr\u00e1n el domingo libre. Los candidatos son\u00a0Mariano Herr\u00f3n,\u00a0Silvio\u00a0Rudman y Blas Giunta.<\/p>\n","protected":false},"excerpt":{"rendered":"<p>En conferencia de prensa post derrota con Belgrano de C\u00f3rdoba el t\u00e9cnico comunic\u00f3 p\u00fablicamente su alejamiento. Despu\u00e9s de estirar la agon\u00eda esta semana, posterior a la derrota en el\u00a0Supercl\u00e1sico, Diego Mart\u00ednez finalmente se fue de Boca Juniors.\u00a0Belgrano de C\u00f3rdoba\u00a0le clav\u00f3 el \u00faltimo clavo al ata\u00fad del entrenador Xeneize en el Gigante de Alberdi. Posiblemente la [&hellip;]<\/p>\n","protected":false},"author":2,"featured_media":11292,"comment_status":"open","ping_status":"open","sticky":false,"template":"","format":"standard","meta":{"footnotes":""},"categories":[14],"tags":[],"_links":{"self":[{"href":"https:\/\/enlamira.info\/index.php\/wp-json\/wp\/v2\/posts\/11290"}],"collection":[{"href":"https:\/\/enlamira.info\/index.php\/wp-json\/wp\/v2\/posts"}],"about":[{"href":"https:\/\/enlamira.info\/index.php\/wp-json\/wp\/v2\/types\/post"}],"author":[{"embeddable":true,"href":"https:\/\/enlamira.info\/index.php\/wp-json\/wp\/v2\/users\/2"}],"replies":[{"embeddable":true,"href":"https:\/\/enlamira.info\/index.php\/wp-json\/wp\/v2\/comments?post=11290"}],"version-history":[{"count":1,"href":"https:\/\/enlamira.info\/index.php\/wp-json\/wp\/v2\/posts\/11290\/revisions"}],"predecessor-version":[{"id":11291,"href":"https:\/\/enlamira.info\/index.php\/wp-json\/wp\/v2\/posts\/11290\/revisions\/11291"}],"wp:featuredmedia":[{"embeddable":true,"href":"https:\/\/enlamira.info\/index.php\/wp-json\/wp\/v2\/media\/11292"}],"wp:attachment":[{"href":"https:\/\/enlamira.info\/index.php\/wp-json\/wp\/v2\/media?parent=11290"}],"wp:term":[{"taxonomy":"category","embeddable":true,"href":"https:\/\/enlamira.info\/index.php\/wp-json\/wp\/v2\/categories?post=11290"},{"taxonomy":"post_tag","embeddable":true,"href":"https:\/\/enlamira.info\/index.php\/wp-json\/wp\/v2\/tags?post=11290"}],"curies":[{"name":"wp","href":"https:\/\/api.w.org\/{rel}","templated":true}]}}